{"id":44424,"date":"2026-09-01T03:59:01","date_gmt":"2026-09-01T03:59:01","guid":{"rendered":"https:\/\/www.vipservis.com\/blog\/apple-ceoluguni-birakan-tim-cook-son-mesajini-paylasti\/"},"modified":"2026-09-01T03:59:01","modified_gmt":"2026-09-01T03:59:01","slug":"apple-ceoluguni-birakan-tim-cook-son-mesajini-paylasti","status":"publish","type":"post","link":"https:\/\/www.vipservis.com\/blog\/apple-ceoluguni-birakan-tim-cook-son-mesajini-paylasti\/","title":{"rendered":"Apple CEO&#8217;lu\u011fun\u0131 B\u0131rakan Tim Cook, Son Mesaj\u0131n\u0131 Payla\u015ft\u0131"},"content":{"rendered":"<div class=\"detail-content-body dark:text-dark-text\">\n<div class=\"flex relative bg-content-adv-bg justify-center gap-3 p-2 items-center my-12 content-adv-col\" style=\"min-height: 260px\">\n<div><\/div>\n<div><\/div>\n<\/p><\/div>\n<p>15 y&#305;ld&#305;r Apple CEO&rsquo;lu&#287;u yapan <strong>Tim Cook&rsquo;un g&ouml;revi bug&uuml;n (1 Eyl&uuml;l) itibar&#305;yla resmen sona eriyor<\/strong>. Cook, yerini &#351;irketin donan&#305;m b&ouml;l&uuml;m&uuml;n&uuml;n y&ouml;neticili&#287;ini yapan <strong>John Ternus&rsquo;a<\/strong> b&#305;rakacak. &Uuml;nl&uuml; i&#351; insan&#305;, g&ouml;revini devretmeden &ouml;nce <strong>hem &ccedil;al&#305;&#351;anlara hem de m&uuml;&#351;terilerine y&ouml;nelik mesajlar<\/strong> yay&#305;mlad&#305;.<\/p>\n<div class=\"content-gallery-lightbox hidden md:block mb-5 dark:border-[#404040] dark:bg-[#2d2d30]\" data-gallery-images=\"[{&quot;src&quot;:&quot;https:\/\/imgrosetta.webtekno.com\/file\/680396\/680396-1200x675.jpg&quot;,&quot;alt&quot;:&quot;15 Yu0131lu0131n Ardu0131ndan Apple CEOu0027luu011funu Bu0131rakan Tim Cook, Son Mesaju0131nu0131 Paylau015ftu0131&quot;,&quot;width&quot;:1200,&quot;height&quot;:675},{&quot;src&quot;:&quot;https:\/\/imgrosetta.webtekno.com\/file\/680395\/1200xauto.jpg&quot;,&quot;alt&quot;:&quot;cok&quot;,&quot;width&quot;:1200,&quot;height&quot;:675}]\">\n<div id=\"ez-toc-container\" class=\"ez-toc-v2_0_79_2 counter-hierarchy ez-toc-counter ez-toc-grey ez-toc-container-direction\">\n<div class=\"ez-toc-title-container\">\n<p class=\"ez-toc-title\" style=\"cursor:inherit\">\u0130\u00e7indekiler<\/p>\n<span class=\"ez-toc-title-toggle\"><a href=\"#\" class=\"ez-toc-pull-right ez-toc-btn ez-toc-btn-xs ez-toc-btn-default ez-toc-toggle\" aria-label=\"Toggle Table of Content\"><span class=\"ez-toc-js-icon-con\"><span class=\"\"><span class=\"eztoc-hide\" style=\"display:none;\">Toggle<\/span><span class=\"ez-toc-icon-toggle-span\"><svg style=\"fill: #ff0f0f;color:#ff0f0f\" xmlns=\"http:\/\/www.w3.org\/2000\/svg\" class=\"list-377408\" width=\"20px\" height=\"20px\" viewBox=\"0 0 24 24\" fill=\"none\"><path d=\"M6 6H4v2h2V6zm14 0H8v2h12V6zM4 11h2v2H4v-2zm16 0H8v2h12v-2zM4 16h2v2H4v-2zm16 0H8v2h12v-2z\" fill=\"currentColor\"><\/path><\/svg><svg style=\"fill: #ff0f0f;color:#ff0f0f\" class=\"arrow-unsorted-368013\" xmlns=\"http:\/\/www.w3.org\/2000\/svg\" width=\"10px\" height=\"10px\" viewBox=\"0 0 24 24\" version=\"1.2\" baseProfile=\"tiny\"><path d=\"M18.2 9.3l-6.2-6.3-6.2 6.3c-.2.2-.3.4-.3.7s.1.5.3.7c.2.2.4.3.7.3h11c.3 0 .5-.1.7-.3.2-.2.3-.5.3-.7s-.1-.5-.3-.7zM5.8 14.7l6.2 6.3 6.2-6.3c.2-.2.3-.5.3-.7s-.1-.5-.3-.7c-.2-.2-.4-.3-.7-.3h-11c-.3 0-.5.1-.7.3-.2.2-.3.5-.3.7s.1.5.3.7z\"\/><\/svg><\/span><\/span><\/span><\/a><\/span><\/div>\n<nav><ul class='ez-toc-list ez-toc-list-level-1 ' ><ul class='ez-toc-list-level-3' ><li class='ez-toc-heading-level-3'><a class=\"ez-toc-link ez-toc-heading-1\" href=\"https:\/\/www.vipservis.com\/blog\/apple-ceoluguni-birakan-tim-cook-son-mesajini-paylasti\/#Icerikten_Gorseller\" >&#304;&ccedil;erikten G&ouml;rseller<\/a><\/li><li class='ez-toc-page-1 ez-toc-heading-level-3'><a class=\"ez-toc-link ez-toc-heading-2\" href=\"https:\/\/www.vipservis.com\/blog\/apple-ceoluguni-birakan-tim-cook-son-mesajini-paylasti\/#Icerikten_Gorseller-2\" >&#304;&ccedil;erikten G&ouml;rseller<\/a><\/li><\/ul><\/li><li class='ez-toc-page-1 ez-toc-heading-level-2'><a class=\"ez-toc-link ez-toc-heading-3\" href=\"https:\/\/www.vipservis.com\/blog\/apple-ceoluguni-birakan-tim-cook-son-mesajini-paylasti\/#Cookun_calisanlarina_mesaji\" >Cook&rsquo;un &ccedil;al&#305;&#351;anlar&#305;na mesaj&#305;<\/a><ul class='ez-toc-list-level-3' ><li class='ez-toc-heading-level-3'><a class=\"ez-toc-link ez-toc-heading-4\" href=\"https:\/\/www.vipservis.com\/blog\/apple-ceoluguni-birakan-tim-cook-son-mesajini-paylasti\/#Bunlar_da_Ilginizi_Cekebilir\" >Bunlar da &#304;lginizi &Ccedil;ekebilir<\/a><\/li><\/ul><\/li><li class='ez-toc-page-1 ez-toc-heading-level-2'><a class=\"ez-toc-link ez-toc-heading-5\" href=\"https:\/\/www.vipservis.com\/blog\/apple-ceoluguni-birakan-tim-cook-son-mesajini-paylasti\/#Cookun_musterlere_paylastigi_mesaj\" >Cook&rsquo;un m&uuml;&#351;terlere payla&#351;t&#305;&#287;&#305; mesaj<\/a><\/li><\/ul><\/nav><\/div>\n<h3 class=\"content-gallery-title dark:text-dark-text\"><span class=\"ez-toc-section\" id=\"Icerikten_Gorseller\"><\/span>&#304;&ccedil;erikten G&ouml;rseller<span class=\"ez-toc-section-end\"><\/span><\/h3>\n<div class=\"content-gallery-body\">\n<div class=\"content-gallery-hero\" data-index=\"0\">\n                    <span class=\"gallery-img-wrapper\"><br \/>\n                        <img loading=\"lazy\" decoding=\"async\" src=\"https:\/\/www.vipservis.com\/blog\/wp-content\/uploads\/2026\/09\/680396-1200x675-1.jpg\" alt=\"15 Y\u0131l\u0131n Ard\u0131ndan Apple CEO&apos;lu\u011funu B\u0131rakan Tim Cook, Son Mesaj\u0131n\u0131 Payla\u015ft\u0131\" loading=\"lazy\" width=\"1200\" height=\"675\" style=\"max-width: 100%;height: auto;display: block;margin: 10px auto\"><br \/>\n                    <\/span>\n                <\/div>\n<div class=\"content-gallery-grid\">\n<div class=\"content-gallery-item \" data-index=\"1\">\n                                <img loading=\"lazy\" decoding=\"async\" src=\"https:\/\/www.vipservis.com\/blog\/wp-content\/uploads\/2026\/09\/1200xauto.jpg\" alt=\"cok\" loading=\"lazy\" width=\"1200\" height=\"675\" style=\"max-width: 100%;height: auto;display: block;margin: 10px auto\">\n                                                            <\/div>\n<\/p><\/div>\n<\/p><\/div>\n<div class=\"content-gallery-overlay\" style=\"display:none\">\n            <button class=\"content-gallery-close\" aria-label=\"Kapat\">&times;<\/button><\/p>\n<div class=\"content-gallery-zoom-controls\">\n                <button class=\"content-gallery-zoom-in\" aria-label=\"Yak\u0131nla\u015ft\u0131r\">+<\/button><br \/>\n                <button class=\"content-gallery-zoom-out\" aria-label=\"Uzakla\u015ft\u0131r\">&minus;<\/button>\n            <\/div>\n<p>            <button class=\"content-gallery-prev\" aria-label=\"\u00d6nceki\">&lsaquo;<\/button><br \/>\n            <button class=\"content-gallery-next\" aria-label=\"Sonraki\">&rsaquo;<\/button><\/p>\n<div class=\"content-gallery-stage\"><\/div>\n<\/p><\/div>\n<\/p><\/div>\n<p>Cook; 2011 y&#305;l&#305;ndan bu yana <a href=\"https:\/\/www.webtekno.com\/konu\/apple\" style=\"color:#ff0000\">Apple<\/a>&rsquo;&#305;n en &uuml;st d&uuml;zey y&ouml;neticisi olarak g&ouml;rev yap&#305;yordu. Ge&ccedil;en bu s&uuml;re&ccedil;te Apple&rsquo;&#305; 350 milyar dolarl&#305;k bir &#351;irketten 4,6 trilyon dolar de&#287;ere sahip bir &#351;irkete d&ouml;n&uuml;&#351;t&uuml;rd&uuml; ve &ccedil;ok say&#305;da devrimsel Apple &uuml;r&uuml;n ve hizmetinin piyasaya s&uuml;r&uuml;lmesinde b&uuml;y&uuml;k rol oynad&#305;.<\/p>\n<div class=\"content-adv-col relative my-12 flex items-center justify-center rounded-md bg-content-adv-bg dark:bg-dark-content-adv-bg\">\n<\/div>\n<div class=\"content-gallery-lightbox md:hidden mb-5 dark:border-[#404040] dark:bg-[#2d2d30]\" data-gallery-images=\"[{&quot;src&quot;:&quot;https:\/\/imgrosetta.webtekno.com\/file\/680396\/680396-1200x675.jpg&quot;,&quot;alt&quot;:&quot;15 Yu0131lu0131n Ardu0131ndan Apple CEOu0027luu011funu Bu0131rakan Tim Cook, Son Mesaju0131nu0131 Paylau015ftu0131&quot;,&quot;width&quot;:1200,&quot;height&quot;:675},{&quot;src&quot;:&quot;https:\/\/imgrosetta.webtekno.com\/file\/680395\/1200xauto.jpg&quot;,&quot;alt&quot;:&quot;cok&quot;,&quot;width&quot;:1200,&quot;height&quot;:675}]\">\n<h3 class=\"content-gallery-title dark:text-dark-text\"><span class=\"ez-toc-section\" id=\"Icerikten_Gorseller-2\"><\/span>&#304;&ccedil;erikten G&ouml;rseller<span class=\"ez-toc-section-end\"><\/span><\/h3>\n<div class=\"content-gallery-body\">\n<div class=\"content-gallery-hero\" data-index=\"0\">\n                    <span class=\"gallery-img-wrapper\"><br \/>\n                        <img loading=\"lazy\" decoding=\"async\" src=\"https:\/\/www.vipservis.com\/blog\/wp-content\/uploads\/2026\/09\/680396-1200x675-2.jpg\" alt=\"15 Y\u0131l\u0131n Ard\u0131ndan Apple CEO&apos;lu\u011funu B\u0131rakan Tim Cook, Son Mesaj\u0131n\u0131 Payla\u015ft\u0131\" loading=\"lazy\" width=\"1200\" height=\"675\" style=\"max-width: 100%;height: auto;display: block;margin: 10px auto\"><br \/>\n                    <\/span>\n                <\/div>\n<div class=\"content-gallery-grid\">\n<div class=\"content-gallery-item \" data-index=\"1\">\n                                <img loading=\"lazy\" decoding=\"async\" src=\"https:\/\/www.vipservis.com\/blog\/wp-content\/uploads\/2026\/09\/1200xauto-1.jpg\" alt=\"cok\" loading=\"lazy\" width=\"1200\" height=\"675\" style=\"max-width: 100%;height: auto;display: block;margin: 10px auto\">\n                                                            <\/div>\n<\/p><\/div>\n<\/p><\/div>\n<div class=\"content-gallery-overlay\" style=\"display:none\">\n            <button class=\"content-gallery-close\" aria-label=\"Kapat\">&times;<\/button><\/p>\n<div class=\"content-gallery-zoom-controls\">\n                <button class=\"content-gallery-zoom-in\" aria-label=\"Yak\u0131nla\u015ft\u0131r\">+<\/button><br \/>\n                <button class=\"content-gallery-zoom-out\" aria-label=\"Uzakla\u015ft\u0131r\">&minus;<\/button>\n            <\/div>\n<p>            <button class=\"content-gallery-prev\" aria-label=\"\u00d6nceki\">&lsaquo;<\/button><br \/>\n            <button class=\"content-gallery-next\" aria-label=\"Sonraki\">&rsaquo;<\/button><\/p>\n<div class=\"content-gallery-stage\"><\/div>\n<\/p><\/div>\n<\/p><\/div>\n<h2><span class=\"ez-toc-section\" id=\"Cookun_calisanlarina_mesaji\"><\/span>Cook&rsquo;un &ccedil;al&#305;&#351;anlar&#305;na mesaj&#305;<span class=\"ez-toc-section-end\"><\/span><\/h2>\n<p><span class=\"gallery-img-wrapper gallery-img-wrapper--body\"><img fetchpriority=\"high\" decoding=\"async\" width=\"1200\" height=\"675\" src=\"https:\/\/www.vipservis.com\/blog\/wp-content\/uploads\/2026\/09\/1200xauto-2.jpg\" alt=\"cok\" style=\"max-width: 100%;height: auto;display: block;margin: 10px auto\"><\/span><\/p>\n<p>&Ccedil;al&#305;&#351;anlar&#305;na hitaben kaleme ald&#305;&#287;&#305; mektupta Cook, bu an&#305;n bir g&uuml;n gelece&#287;ini bildi&#287;ini fakat yine de geldi&#287;ine <strong>inanmakta g&uuml;&ccedil;l&uuml;k &ccedil;ekti&#287;ini<\/strong> belirtti. &#350;irkete ve ekibe olan sevgisini dile getiren deneyimli y&ouml;netici, liderlik yapma ayr&#305;cal&#305;&#287;&#305; ve g&ouml;rd&uuml;&#287;&uuml; destek i&ccedil;in t&uuml;m &ccedil;al&#305;&#351;anlara te&#351;ekk&uuml;r etti. Cook, elde etti&#287;i t&uuml;m ba&#351;ar&#305;lar&#305;n arkas&#305;nda <strong>ekibin bulundu&#287;unu<\/strong> vurgulayarak Apple k&uuml;lt&uuml;r&uuml;n&uuml;n her &#351;eyin &uuml;zerinde oldu&#287;unu dile getirdi. Steve Jobs&#8217;&#305;n ge&ccedil;mi&#351;te ifade etti&#287;i &#8220;<strong>evrende bir &ccedil;entik a&ccedil;ma<\/strong>&#8221; misyonuna g&ouml;nderme yapan Cook, John Ternus&#8217;un liderli&#287;i alt&#305;nda Apple&#8217;&#305;n gelece&#287;inden son derece heyecan duydu&#287;unu belirterek g&ouml;revi g&uuml;venle teslim etti&#287;ini vurgulad&#305;.<\/p>\n<div class=\"related-tag-posts-widget bg-category-most-read dark:bg-dark-category-most-read mb-4 mt-6 w-full overflow-hidden rounded-md pb-5\" data-related-tag-placeholder data-post-id=\"223312\">\n<div class=\"related-tag-title flex items-center rounded-t-md bg-primary p-4\">\n<h3 class=\"ml-2 text-xl font-bold text-white\"><span class=\"ez-toc-section\" id=\"Bunlar_da_Ilginizi_Cekebilir\"><\/span>\n            Bunlar da &#304;lginizi &Ccedil;ekebilir<br \/>\n        <span class=\"ez-toc-section-end\"><\/span><\/h3>\n<\/p><\/div>\n<div class=\"mt-5 grid grid-cols-2 gap-3 px-4 md:grid-cols-4 md:gap-4 md:px-5\">\n<div class=\"dark:bg-gray-900 block overflow-hidden rounded-lg bg-white shadow-sm\">\n<div class=\"space-y-2 p-2 md:p-3\"><\/div>\n<\/p><\/div>\n<div class=\"dark:bg-gray-900 block overflow-hidden rounded-lg bg-white shadow-sm\">\n<div class=\"space-y-2 p-2 md:p-3\"><\/div>\n<\/p><\/div>\n<div class=\"dark:bg-gray-900 block overflow-hidden rounded-lg bg-white shadow-sm\">\n<div class=\"space-y-2 p-2 md:p-3\"><\/div>\n<\/p><\/div>\n<div class=\"dark:bg-gray-900 block overflow-hidden rounded-lg bg-white shadow-sm\">\n<div class=\"space-y-2 p-2 md:p-3\"><\/div>\n<\/p><\/div>\n<\/p><\/div>\n<\/div>\n<p>&ldquo;<em>Bug&uuml;n, Apple&#8217;daki CEO&#8217;luk g&ouml;revimin son g&uuml;n&uuml;. Bir g&uuml;n gelece&#287;ini hep bildi&#287;im bir an. Yine de o an&#305;n geldi&#287;ine ve &#351;u an bu sat&#305;rlar&#305; yazd&#305;&#287;&#305;ma inanmak h&acirc;l&acirc; g&uuml;&ccedil;. Bu &#351;irketi ve arkas&#305;ndaki ekibi &ccedil;ok seviyorum. Bana g&ouml;sterdi&#287;iniz yo&#287;un sevgi, her g&uuml;n sergiledi&#287;iniz &ouml;zveri ve hepsinden &ouml;nemlisi lideriniz olarak g&ouml;rev yapma ayr&#305;cal&#305;&#287;&#305;na sahip oldu&#287;um i&ccedil;in duydu&#287;um minneti dile getirmeden bu g&uuml;n&uuml;n ge&ccedil;ip gitmesine izin veremezdim<\/em>.<\/p>\n<p><em>Ger&ccedil;ek &#351;u ki ba&#351;ar&#305;ma dair ne s&ouml;ylenirse s&ouml;ylensin bunun tamamen sizlerin sayesinde oldu&#287;unu biliyorum. &#304;&ccedil;imdeki en iyi y&ouml;nleri ortaya &ccedil;&#305;kard&#305;n&#305;z. Hayat&#305;m boyunca b&ouml;ylesine ola&#287;an&uuml;st&uuml; bir insan toplulu&#287;uyla hi&ccedil; kar&#351;&#305;la&#351;mam&#305;&#351; veya birlikte &ccedil;al&#305;&#351;mam&#305;&#351;t&#305;m. &Uuml;stelik her g&uuml;n buna dair yeni &ouml;rnekler g&ouml;rmeye devam ediyorum<\/em>.<\/p>\n<p><em>Apple&#8217;da ger&ccedil;ekten &ouml;zel bir &#351;eyler var. En &ccedil;ok gurur duydu&#287;um &#351;ey ise hi&ccedil;bir y&#305;ll&#305;k faaliyet raporunun tam anlam&#305;yla yans&#305;tamayaca&#287;&#305; bir nitelik. Buras&#305;, k&uuml;lt&uuml;r&uuml;n her &#351;eyden &uuml;st&uuml;n geldi&#287;inin bir kan&#305;t&#305;. &#304;n&#351;a etti&#287;imiz &#351;eylerin bir anlam ta&#351;&#305;d&#305;&#287;&#305;na d&uuml;nyay&#305; buldu&#287;umuzdan daha iyi bir yer olarak b&#305;rakma konusunda hem f&#305;rsata hem de sorumlulu&#287;a sahip oldu&#287;umuza dair ortak bir inanc&#305; payla&#351;&#305;yoruz. &#304;&#351;te bu ama&ccedil;, buray&#305; ola&#287;an&uuml;st&uuml; k&#305;lan unsurlardan biri. Apple bu amac&#305; beslemeye yard&#305;mc&#305; oluyor ancak inan&#305;yorum ki bu duygu, sizler buraya gelmeden &ccedil;ok &ouml;nce her birinizin i&ccedil;inde zaten vard&#305;. Sizi bu &#351;irkete getiren ve her g&uuml;n yapt&#305;&#287;&#305;n&#305;z i&#351;e y&ouml;n vermeye devam eden &#351;ey de bu. Hep birlikte, herhangi birimizin tek ba&#351;&#305;na hayal edebilece&#287;inden veya ba&#351;arabilece&#287;inden &ccedil;ok daha b&uuml;y&uuml;k bir &#351;ey yaratt&#305;k. Ba&#351;ar&#305;m&#305;z&#305;n s&#305;rr&#305; da i&#351;te bu. Birbirimizin en iyi y&ouml;nlerini ortaya &ccedil;&#305;kar&#305;yoruz. Birbirimize g&uuml;&ccedil; veriyoruz. Kim oldu&#287;umuz, nelere inand&#305;&#287;&#305;m&#305;z, nelere de&#287;er verdi&#287;imiz ve d&uuml;nyaya nas&#305;l bakt&#305;&#287;&#305;m&#305;z sayesinde Steve&#8217;in bir zamanlar ifade etti&#287;i o &#8220;evrende bir iz b&#305;rakma&#8221; fikrini ger&ccedil;e&#287;e d&ouml;n&uuml;&#351;t&uuml;rd&uuml;k. Ne kadar &#351;ansl&#305;y&#305;z. Ne kadar &#351;ansl&#305;y&#305;m<\/em>.<\/p>\n<p><em>Bildi&#287;iniz &uuml;zere Apple&#8217;dan ayr&#305;lm&#305;yorum ancak b&uuml;y&uuml;k bir tutkuyla ba&#287;l&#305; oldu&#287;um bir g&ouml;revden ayr&#305;l&#305;yorum. Karar&#305;mdan son derece memnun ve huzurlu olsam da bu i&#351;i &#351;imdiden tahmin bile edemeyece&#287;im &ouml;l&ccedil;&uuml;de &ouml;zleyece&#287;imi biliyorum. D&uuml;menini John kadar parlak, harika ve yetenekli birine devretmenin verdi&#287;i b&uuml;y&uuml;k g&ouml;n&uuml;l rahatl&#305;&#287;&#305;na ra&#287;men size liderlik etmeyi ve her ad&#305;mda sizinle birlikte olmay&#305; &ouml;zleyece&#287;im. D&uuml;nyay&#305; de&#287;i&#351;tiren &uuml;r&uuml;nler yaratman&#305;n ne gerektirdi&#287;ini John kadar iyi anlayan &ccedil;ok az insan var; onun liderli&#287;i ad&#305;na b&uuml;y&uuml;k bir heyecan duyuyorum<\/em>.<\/p>\n<p>*Size ne kadar de&#287;er verdi&#287;imi ve CEO&#8217;nuz olman&#305;n benim i&ccedil;in ne b&uuml;y&uuml;k bir onur oldu&#287;unu bildi&#287;inizi umuyorum. Her &#351;eyden &ouml;nemlis, Apple dedi&#287;imiz bu ola&#287;an&uuml;st&uuml; yerin bir par&ccedil;as&#305; olmaktan gurur duymaya devam etmenizi ve her zaman elinizden gelenin en iyisini ortaya koyman&#305;z&#305; diliyorum. Birbirimize ve hizmet etti&#287;imiz insanlara &ouml;zen g&ouml;stererek t&uuml;m benli&#287;imizle bu i&#351;e sar&#305;ld&#305;&#287;&#305;m&#305;zda, yaratabilece&#287;imiz o b&uuml;y&uuml;k etkinin s&#305;n&#305;r&#305; yoktur.<\/p>\n<p>Apple Park&#8217;taki yeni g&ouml;revimde ve d&uuml;nyan&#305;n d&ouml;rt bir yan&#305;nda sizlerle yeniden bir araya gelmeyi d&ouml;rt g&ouml;zle bekliyorum.<\/p>\n<p>T&uuml;m varl&#305;&#287;&#305;mla ve benli&#287;imle, her zaman<\/p>\n<p>Sayg&#305;lar&#305;mla,<br \/>\nTim*&rdquo;<\/p>\n<h2><span class=\"ez-toc-section\" id=\"Cookun_musterlere_paylastigi_mesaj\"><\/span>Cook&rsquo;un m&uuml;&#351;terlere payla&#351;t&#305;&#287;&#305; mesaj<span class=\"ez-toc-section-end\"><\/span><\/h2>\n<blockquote class=\"twitter-tweet iframe-full\" data-theme=\"light\"><p><a href=\"https:\/\/twitter.com\/x\/status\/2094448088199078236?s=20\"><\/a><\/p><\/blockquote>\n<p>&Ccedil;al&#305;&#351;anlara at&#305;lan i&ccedil; mektubun yan&#305; s&#305;ra Tim Cook, kullan&#305;c&#305;lar ve takip&ccedil;iler i&ccedil;in sosyal medya hesab&#305;ndan da bir mesaj payla&#351;t&#305;. Cook, kullan&#305;c&#305;lar ve takip&ccedil;iler i&ccedil;in sosyal medya hesab&#305;ndan da bir mesaj payla&#351;t&#305;. Mesaj&#305;nda Apple toplulu&#287;una sevgilerini ileten Cook, unvan&#305;n&#305;n 1 Eyl&uuml;l itibar&#305;yla de&#287;i&#351;ece&#287;ini ancak toplulu&#287;a olan <strong>sevgisinin asla de&#287;i&#351;meyece&#287;ini<\/strong> ifade etti:<\/p>\n<p>&ldquo;<em>CEO olarak son g&uuml;n&uuml;mde Apple toplulu&#287;una bolca sevgi g&ouml;nderiyorum. Yar&#305;n unvan&#305;m de&#287;i&#351;ecek, ama Apple toplulu&#287;una duydu&#287;um sevgi asla de&#287;i&#351;meyecek. S&uuml;rekli bir ilham kayna&#287;&#305; oldu&#287;unuz i&ccedil;in te&#351;ekk&uuml;r ederim. Minnettarl&#305;&#287;&#305;m sonsuz, ve bir sonraki b&ouml;l&uuml;m i&ccedil;in heyecanl&#305;y&#305;m!&rdquo;<\/em><\/p>\n<\/p><\/div>\n","protected":false},"excerpt":{"rendered":"<p>15 y&#305;ld&#305;r Apple CEO&rsquo;lu&#287;u yapan Tim Cook&rsquo;un g&ouml;revi bug&uuml;n (1 Eyl&uuml;l) itibar&#305;yla resmen sona eriyor. Cook, yerini &#351;irketin donan&#305;m b&ouml;l&uuml;m&uuml;n&uuml;n y&ouml;neticili&#287;ini yapan John Ternus&rsquo;a b&#305;rakacak. &Uuml;nl&uuml; i&#351; insan&#305;, g&ouml;revini devretmeden &ouml;nce hem &ccedil;al&#305;&#351;anlara hem de m&uuml;&#351;terilerine y&ouml;nelik mesajlar yay&#305;mlad&#305;. &#304;&ccedil;erikten G&ouml;rseller &times; + &minus; &lsaquo; &rsaquo; Cook; 2011 y&#305;l&#305;ndan bu yana Apple&rsquo;&#305;n en &uuml;st d&uuml;zey [&hellip;]<\/p>\n","protected":false},"author":1,"featured_media":44418,"comment_status":"open","ping_status":"open","sticky":false,"template":"","format":"standard","meta":{"footnotes":""},"categories":[1],"tags":[],"class_list":["post-44424","post","type-post","status-publish","format-standard","has-post-thumbnail","hentry","category-genel"],"yoast_head":"<!-- This site is optimized with the Yoast SEO plugin v23.4 - https:\/\/yoast.com\/wordpress\/plugins\/seo\/ -->\n<title>Apple CEO&#039;lu\u011fun\u0131 B\u0131rakan Tim Cook, Son Mesaj\u0131n\u0131 Payla\u015ft\u0131 - Vipservis Blog<\/title>\n<meta name=\"robots\" content=\"index, follow, max-snippet:-1, max-image-preview:large, max-video-preview:-1\" \/>\n<link rel=\"canonical\" href=\"https:\/\/www.vipservis.com\/blog\/apple-ceoluguni-birakan-tim-cook-son-mesajini-paylasti\/\" \/>\n<meta property=\"og:locale\" content=\"tr_TR\" \/>\n<meta property=\"og:type\" content=\"article\" \/>\n<meta property=\"og:title\" content=\"Apple CEO&#039;lu\u011fun\u0131 B\u0131rakan Tim Cook, Son Mesaj\u0131n\u0131 Payla\u015ft\u0131 - Vipservis Blog\" \/>\n<meta property=\"og:description\" content=\"15 y&#305;ld&#305;r Apple CEO&rsquo;lu&#287;u yapan Tim Cook&rsquo;un g&ouml;revi bug&uuml;n (1 Eyl&uuml;l) itibar&#305;yla resmen sona eriyor. Cook, yerini &#351;irketin donan&#305;m b&ouml;l&uuml;m&uuml;n&uuml;n y&ouml;neticili&#287;ini yapan John Ternus&rsquo;a b&#305;rakacak. &Uuml;nl&uuml; i&#351; insan&#305;, g&ouml;revini devretmeden &ouml;nce hem &ccedil;al&#305;&#351;anlara hem de m&uuml;&#351;terilerine y&ouml;nelik mesajlar yay&#305;mlad&#305;. &#304;&ccedil;erikten G&ouml;rseller &times; + &minus; &lsaquo; &rsaquo; Cook; 2011 y&#305;l&#305;ndan bu yana Apple&rsquo;&#305;n en &uuml;st d&uuml;zey [&hellip;]\" \/>\n<meta property=\"og:url\" content=\"https:\/\/www.vipservis.com\/blog\/apple-ceoluguni-birakan-tim-cook-son-mesajini-paylasti\/\" \/>\n<meta property=\"og:site_name\" content=\"Vipservis Blog\" \/>\n<meta property=\"article:publisher\" content=\"https:\/\/www.facebook.com\/vipserviscom\" \/>\n<meta property=\"article:published_time\" content=\"2026-09-01T03:59:01+00:00\" \/>\n<meta property=\"og:image\" content=\"https:\/\/www.vipservis.com\/blog\/wp-content\/uploads\/2026\/09\/680396-1200x675-1.jpg\" \/>\n<meta name=\"author\" content=\"Vipservis\" \/>\n<meta name=\"twitter:card\" content=\"summary_large_image\" \/>\n<meta name=\"twitter:creator\" content=\"@vipserviscom\" \/>\n<meta name=\"twitter:site\" content=\"@vipserviscom\" \/>\n<meta name=\"twitter:label1\" content=\"Yazan:\" \/>\n\t<meta name=\"twitter:data1\" content=\"Vipservis\" \/>\n\t<meta name=\"twitter:label2\" content=\"Tahmini okuma s\u00fcresi\" \/>\n\t<meta name=\"twitter:data2\" content=\"6 dakika\" \/>\n<script type=\"application\/ld+json\" class=\"yoast-schema-graph\">{\"@context\":\"https:\/\/schema.org\",\"@graph\":[{\"@type\":\"Article\",\"@id\":\"https:\/\/www.vipservis.com\/blog\/apple-ceoluguni-birakan-tim-cook-son-mesajini-paylasti\/#article\",\"isPartOf\":{\"@id\":\"https:\/\/www.vipservis.com\/blog\/apple-ceoluguni-birakan-tim-cook-son-mesajini-paylasti\/\"},\"author\":{\"name\":\"Vipservis\",\"@id\":\"https:\/\/www.vipservis.com\/blog\/#\/schema\/person\/cdb61a7e4f2eef5e8f9550829d769ed2\"},\"headline\":\"Apple CEO&#8217;lu\u011fun\u0131 B\u0131rakan Tim Cook, Son Mesaj\u0131n\u0131 Payla\u015ft\u0131\",\"datePublished\":\"2026-09-01T03:59:01+00:00\",\"dateModified\":\"2026-09-01T03:59:01+00:00\",\"mainEntityOfPage\":{\"@id\":\"https:\/\/www.vipservis.com\/blog\/apple-ceoluguni-birakan-tim-cook-son-mesajini-paylasti\/\"},\"wordCount\":1252,\"commentCount\":0,\"publisher\":{\"@id\":\"https:\/\/www.vipservis.com\/blog\/#organization\"},\"image\":{\"@id\":\"https:\/\/www.vipservis.com\/blog\/apple-ceoluguni-birakan-tim-cook-son-mesajini-paylasti\/#primaryimage\"},\"thumbnailUrl\":\"https:\/\/www.vipservis.com\/blog\/wp-content\/uploads\/2026\/09\/680396-640xauto.jpg\",\"inLanguage\":\"tr\",\"potentialAction\":[{\"@type\":\"CommentAction\",\"name\":\"Comment\",\"target\":[\"https:\/\/www.vipservis.com\/blog\/apple-ceoluguni-birakan-tim-cook-son-mesajini-paylasti\/#respond\"]}]},{\"@type\":\"WebPage\",\"@id\":\"https:\/\/www.vipservis.com\/blog\/apple-ceoluguni-birakan-tim-cook-son-mesajini-paylasti\/\",\"url\":\"https:\/\/www.vipservis.com\/blog\/apple-ceoluguni-birakan-tim-cook-son-mesajini-paylasti\/\",\"name\":\"Apple CEO'lu\u011fun\u0131 B\u0131rakan Tim Cook, Son Mesaj\u0131n\u0131 Payla\u015ft\u0131 - Vipservis Blog\",\"isPartOf\":{\"@id\":\"https:\/\/www.vipservis.com\/blog\/#website\"},\"primaryImageOfPage\":{\"@id\":\"https:\/\/www.vipservis.com\/blog\/apple-ceoluguni-birakan-tim-cook-son-mesajini-paylasti\/#primaryimage\"},\"image\":{\"@id\":\"https:\/\/www.vipservis.com\/blog\/apple-ceoluguni-birakan-tim-cook-son-mesajini-paylasti\/#primaryimage\"},\"thumbnailUrl\":\"https:\/\/www.vipservis.com\/blog\/wp-content\/uploads\/2026\/09\/680396-640xauto.jpg\",\"datePublished\":\"2026-09-01T03:59:01+00:00\",\"dateModified\":\"2026-09-01T03:59:01+00:00\",\"breadcrumb\":{\"@id\":\"https:\/\/www.vipservis.com\/blog\/apple-ceoluguni-birakan-tim-cook-son-mesajini-paylasti\/#breadcrumb\"},\"inLanguage\":\"tr\",\"potentialAction\":[{\"@type\":\"ReadAction\",\"target\":[\"https:\/\/www.vipservis.com\/blog\/apple-ceoluguni-birakan-tim-cook-son-mesajini-paylasti\/\"]}]},{\"@type\":\"ImageObject\",\"inLanguage\":\"tr\",\"@id\":\"https:\/\/www.vipservis.com\/blog\/apple-ceoluguni-birakan-tim-cook-son-mesajini-paylasti\/#primaryimage\",\"url\":\"https:\/\/www.vipservis.com\/blog\/wp-content\/uploads\/2026\/09\/680396-640xauto.jpg\",\"contentUrl\":\"https:\/\/www.vipservis.com\/blog\/wp-content\/uploads\/2026\/09\/680396-640xauto.jpg\",\"width\":640,\"height\":360},{\"@type\":\"BreadcrumbList\",\"@id\":\"https:\/\/www.vipservis.com\/blog\/apple-ceoluguni-birakan-tim-cook-son-mesajini-paylasti\/#breadcrumb\",\"itemListElement\":[{\"@type\":\"ListItem\",\"position\":1,\"name\":\"Anasayfa\",\"item\":\"https:\/\/www.vipservis.com\/blog\/\"},{\"@type\":\"ListItem\",\"position\":2,\"name\":\"Apple CEO&#8217;lu\u011fun\u0131 B\u0131rakan Tim Cook, Son Mesaj\u0131n\u0131 Payla\u015ft\u0131\"}]},{\"@type\":\"WebSite\",\"@id\":\"https:\/\/www.vipservis.com\/blog\/#website\",\"url\":\"https:\/\/www.vipservis.com\/blog\/\",\"name\":\"Vipservis Blog\",\"description\":\"Vipservis Olarak 26 Y\u0131ll\u0131k Tecr\u00fcbemiz ile Cevap Arad\u0131\u011f\u0131n\u0131z T\u00fcm Sorular\u0131 Yaz\u0131yoruz.\",\"publisher\":{\"@id\":\"https:\/\/www.vipservis.com\/blog\/#organization\"},\"potentialAction\":[{\"@type\":\"SearchAction\",\"target\":{\"@type\":\"EntryPoint\",\"urlTemplate\":\"https:\/\/www.vipservis.com\/blog\/?s={search_term_string}\"},\"query-input\":{\"@type\":\"PropertyValueSpecification\",\"valueRequired\":true,\"valueName\":\"search_term_string\"}}],\"inLanguage\":\"tr\"},{\"@type\":\"Organization\",\"@id\":\"https:\/\/www.vipservis.com\/blog\/#organization\",\"name\":\"Vipservis Bili\u015fim ve \u0130nternet Teknolojileri\",\"url\":\"https:\/\/www.vipservis.com\/blog\/\",\"logo\":{\"@type\":\"ImageObject\",\"inLanguage\":\"tr\",\"@id\":\"https:\/\/www.vipservis.com\/blog\/#\/schema\/logo\/image\/\",\"url\":\"https:\/\/www.vipservis.com\/blog\/wp-content\/uploads\/2024\/09\/logo-1.png\",\"contentUrl\":\"https:\/\/www.vipservis.com\/blog\/wp-content\/uploads\/2024\/09\/logo-1.png\",\"width\":500,\"height\":104,\"caption\":\"Vipservis Bili\u015fim ve \u0130nternet Teknolojileri\"},\"image\":{\"@id\":\"https:\/\/www.vipservis.com\/blog\/#\/schema\/logo\/image\/\"},\"sameAs\":[\"https:\/\/www.facebook.com\/vipserviscom\",\"https:\/\/x.com\/vipserviscom\",\"https:\/\/www.instagram.com\/vipserviscom\",\"https:\/\/www.linkedin.com\/company\/vipservis?originalSubdomain=tr\"]},{\"@type\":\"Person\",\"@id\":\"https:\/\/www.vipservis.com\/blog\/#\/schema\/person\/cdb61a7e4f2eef5e8f9550829d769ed2\",\"name\":\"Vipservis\",\"image\":{\"@type\":\"ImageObject\",\"inLanguage\":\"tr\",\"@id\":\"https:\/\/www.vipservis.com\/blog\/#\/schema\/person\/image\/\",\"url\":\"https:\/\/www.vipservis.com\/blog\/wp-content\/litespeed\/avatar\/6600f3cb02baa85efeb72add678e6f83.jpg?ver=1787920687\",\"contentUrl\":\"https:\/\/www.vipservis.com\/blog\/wp-content\/litespeed\/avatar\/6600f3cb02baa85efeb72add678e6f83.jpg?ver=1787920687\",\"caption\":\"Vipservis\"},\"sameAs\":[\"https:\/\/vipservis.com\/blog\"],\"url\":\"https:\/\/www.vipservis.com\/blog\/author\/crawk\/\"}]}<\/script>\n<!-- \/ Yoast SEO plugin. -->","yoast_head_json":{"title":"Apple CEO'lu\u011fun\u0131 B\u0131rakan Tim Cook, Son Mesaj\u0131n\u0131 Payla\u015ft\u0131 - Vipservis Blog","robots":{"index":"index","follow":"follow","max-snippet":"max-snippet:-1","max-image-preview":"max-image-preview:large","max-video-preview":"max-video-preview:-1"},"canonical":"https:\/\/www.vipservis.com\/blog\/apple-ceoluguni-birakan-tim-cook-son-mesajini-paylasti\/","og_locale":"tr_TR","og_type":"article","og_title":"Apple CEO'lu\u011fun\u0131 B\u0131rakan Tim Cook, Son Mesaj\u0131n\u0131 Payla\u015ft\u0131 - Vipservis Blog","og_description":"15 y&#305;ld&#305;r Apple CEO&rsquo;lu&#287;u yapan Tim Cook&rsquo;un g&ouml;revi bug&uuml;n (1 Eyl&uuml;l) itibar&#305;yla resmen sona eriyor. Cook, yerini &#351;irketin donan&#305;m b&ouml;l&uuml;m&uuml;n&uuml;n y&ouml;neticili&#287;ini yapan John Ternus&rsquo;a b&#305;rakacak. &Uuml;nl&uuml; i&#351; insan&#305;, g&ouml;revini devretmeden &ouml;nce hem &ccedil;al&#305;&#351;anlara hem de m&uuml;&#351;terilerine y&ouml;nelik mesajlar yay&#305;mlad&#305;. &#304;&ccedil;erikten G&ouml;rseller &times; + &minus; &lsaquo; &rsaquo; Cook; 2011 y&#305;l&#305;ndan bu yana Apple&rsquo;&#305;n en &uuml;st d&uuml;zey [&hellip;]","og_url":"https:\/\/www.vipservis.com\/blog\/apple-ceoluguni-birakan-tim-cook-son-mesajini-paylasti\/","og_site_name":"Vipservis Blog","article_publisher":"https:\/\/www.facebook.com\/vipserviscom","article_published_time":"2026-09-01T03:59:01+00:00","og_image":[{"url":"https:\/\/www.vipservis.com\/blog\/wp-content\/uploads\/2026\/09\/680396-1200x675-1.jpg"}],"author":"Vipservis","twitter_card":"summary_large_image","twitter_creator":"@vipserviscom","twitter_site":"@vipserviscom","twitter_misc":{"Yazan:":"Vipservis","Tahmini okuma s\u00fcresi":"6 dakika"},"schema":{"@context":"https:\/\/schema.org","@graph":[{"@type":"Article","@id":"https:\/\/www.vipservis.com\/blog\/apple-ceoluguni-birakan-tim-cook-son-mesajini-paylasti\/#article","isPartOf":{"@id":"https:\/\/www.vipservis.com\/blog\/apple-ceoluguni-birakan-tim-cook-son-mesajini-paylasti\/"},"author":{"name":"Vipservis","@id":"https:\/\/www.vipservis.com\/blog\/#\/schema\/person\/cdb61a7e4f2eef5e8f9550829d769ed2"},"headline":"Apple CEO&#8217;lu\u011fun\u0131 B\u0131rakan Tim Cook, Son Mesaj\u0131n\u0131 Payla\u015ft\u0131","datePublished":"2026-09-01T03:59:01+00:00","dateModified":"2026-09-01T03:59:01+00:00","mainEntityOfPage":{"@id":"https:\/\/www.vipservis.com\/blog\/apple-ceoluguni-birakan-tim-cook-son-mesajini-paylasti\/"},"wordCount":1252,"commentCount":0,"publisher":{"@id":"https:\/\/www.vipservis.com\/blog\/#organization"},"image":{"@id":"https:\/\/www.vipservis.com\/blog\/apple-ceoluguni-birakan-tim-cook-son-mesajini-paylasti\/#primaryimage"},"thumbnailUrl":"https:\/\/www.vipservis.com\/blog\/wp-content\/uploads\/2026\/09\/680396-640xauto.jpg","inLanguage":"tr","potentialAction":[{"@type":"CommentAction","name":"Comment","target":["https:\/\/www.vipservis.com\/blog\/apple-ceoluguni-birakan-tim-cook-son-mesajini-paylasti\/#respond"]}]},{"@type":"WebPage","@id":"https:\/\/www.vipservis.com\/blog\/apple-ceoluguni-birakan-tim-cook-son-mesajini-paylasti\/","url":"https:\/\/www.vipservis.com\/blog\/apple-ceoluguni-birakan-tim-cook-son-mesajini-paylasti\/","name":"Apple CEO'lu\u011fun\u0131 B\u0131rakan Tim Cook, Son Mesaj\u0131n\u0131 Payla\u015ft\u0131 - Vipservis Blog","isPartOf":{"@id":"https:\/\/www.vipservis.com\/blog\/#website"},"primaryImageOfPage":{"@id":"https:\/\/www.vipservis.com\/blog\/apple-ceoluguni-birakan-tim-cook-son-mesajini-paylasti\/#primaryimage"},"image":{"@id":"https:\/\/www.vipservis.com\/blog\/apple-ceoluguni-birakan-tim-cook-son-mesajini-paylasti\/#primaryimage"},"thumbnailUrl":"https:\/\/www.vipservis.com\/blog\/wp-content\/uploads\/2026\/09\/680396-640xauto.jpg","datePublished":"2026-09-01T03:59:01+00:00","dateModified":"2026-09-01T03:59:01+00:00","breadcrumb":{"@id":"https:\/\/www.vipservis.com\/blog\/apple-ceoluguni-birakan-tim-cook-son-mesajini-paylasti\/#breadcrumb"},"inLanguage":"tr","potentialAction":[{"@type":"ReadAction","target":["https:\/\/www.vipservis.com\/blog\/apple-ceoluguni-birakan-tim-cook-son-mesajini-paylasti\/"]}]},{"@type":"ImageObject","inLanguage":"tr","@id":"https:\/\/www.vipservis.com\/blog\/apple-ceoluguni-birakan-tim-cook-son-mesajini-paylasti\/#primaryimage","url":"https:\/\/www.vipservis.com\/blog\/wp-content\/uploads\/2026\/09\/680396-640xauto.jpg","contentUrl":"https:\/\/www.vipservis.com\/blog\/wp-content\/uploads\/2026\/09\/680396-640xauto.jpg","width":640,"height":360},{"@type":"BreadcrumbList","@id":"https:\/\/www.vipservis.com\/blog\/apple-ceoluguni-birakan-tim-cook-son-mesajini-paylasti\/#breadcrumb","itemListElement":[{"@type":"ListItem","position":1,"name":"Anasayfa","item":"https:\/\/www.vipservis.com\/blog\/"},{"@type":"ListItem","position":2,"name":"Apple CEO&#8217;lu\u011fun\u0131 B\u0131rakan Tim Cook, Son Mesaj\u0131n\u0131 Payla\u015ft\u0131"}]},{"@type":"WebSite","@id":"https:\/\/www.vipservis.com\/blog\/#website","url":"https:\/\/www.vipservis.com\/blog\/","name":"Vipservis Blog","description":"Vipservis Olarak 26 Y\u0131ll\u0131k Tecr\u00fcbemiz ile Cevap Arad\u0131\u011f\u0131n\u0131z T\u00fcm Sorular\u0131 Yaz\u0131yoruz.","publisher":{"@id":"https:\/\/www.vipservis.com\/blog\/#organization"},"potentialAction":[{"@type":"SearchAction","target":{"@type":"EntryPoint","urlTemplate":"https:\/\/www.vipservis.com\/blog\/?s={search_term_string}"},"query-input":{"@type":"PropertyValueSpecification","valueRequired":true,"valueName":"search_term_string"}}],"inLanguage":"tr"},{"@type":"Organization","@id":"https:\/\/www.vipservis.com\/blog\/#organization","name":"Vipservis Bili\u015fim ve \u0130nternet Teknolojileri","url":"https:\/\/www.vipservis.com\/blog\/","logo":{"@type":"ImageObject","inLanguage":"tr","@id":"https:\/\/www.vipservis.com\/blog\/#\/schema\/logo\/image\/","url":"https:\/\/www.vipservis.com\/blog\/wp-content\/uploads\/2024\/09\/logo-1.png","contentUrl":"https:\/\/www.vipservis.com\/blog\/wp-content\/uploads\/2024\/09\/logo-1.png","width":500,"height":104,"caption":"Vipservis Bili\u015fim ve \u0130nternet Teknolojileri"},"image":{"@id":"https:\/\/www.vipservis.com\/blog\/#\/schema\/logo\/image\/"},"sameAs":["https:\/\/www.facebook.com\/vipserviscom","https:\/\/x.com\/vipserviscom","https:\/\/www.instagram.com\/vipserviscom","https:\/\/www.linkedin.com\/company\/vipservis?originalSubdomain=tr"]},{"@type":"Person","@id":"https:\/\/www.vipservis.com\/blog\/#\/schema\/person\/cdb61a7e4f2eef5e8f9550829d769ed2","name":"Vipservis","image":{"@type":"ImageObject","inLanguage":"tr","@id":"https:\/\/www.vipservis.com\/blog\/#\/schema\/person\/image\/","url":"https:\/\/www.vipservis.com\/blog\/wp-content\/litespeed\/avatar\/6600f3cb02baa85efeb72add678e6f83.jpg?ver=1787920687","contentUrl":"https:\/\/www.vipservis.com\/blog\/wp-content\/litespeed\/avatar\/6600f3cb02baa85efeb72add678e6f83.jpg?ver=1787920687","caption":"Vipservis"},"sameAs":["https:\/\/vipservis.com\/blog"],"url":"https:\/\/www.vipservis.com\/blog\/author\/crawk\/"}]}},"_links":{"self":[{"href":"https:\/\/www.vipservis.com\/blog\/wp-json\/wp\/v2\/posts\/44424","targetHints":{"allow":["GET"]}}],"collection":[{"href":"https:\/\/www.vipservis.com\/blog\/wp-json\/wp\/v2\/posts"}],"about":[{"href":"https:\/\/www.vipservis.com\/blog\/wp-json\/wp\/v2\/types\/post"}],"author":[{"embeddable":true,"href":"https:\/\/www.vipservis.com\/blog\/wp-json\/wp\/v2\/users\/1"}],"replies":[{"embeddable":true,"href":"https:\/\/www.vipservis.com\/blog\/wp-json\/wp\/v2\/comments?post=44424"}],"version-history":[{"count":0,"href":"https:\/\/www.vipservis.com\/blog\/wp-json\/wp\/v2\/posts\/44424\/revisions"}],"wp:featuredmedia":[{"embeddable":true,"href":"https:\/\/www.vipservis.com\/blog\/wp-json\/wp\/v2\/media\/44418"}],"wp:attachment":[{"href":"https:\/\/www.vipservis.com\/blog\/wp-json\/wp\/v2\/media?parent=44424"}],"wp:term":[{"taxonomy":"category","embeddable":true,"href":"https:\/\/www.vipservis.com\/blog\/wp-json\/wp\/v2\/categories?post=44424"},{"taxonomy":"post_tag","embeddable":true,"href":"https:\/\/www.vipservis.com\/blog\/wp-json\/wp\/v2\/tags?post=44424"}],"curies":[{"name":"wp","href":"https:\/\/api.w.org\/{rel}","templated":true}]}}