{"id":44491,"date":"2026-09-01T11:04:03","date_gmt":"2026-09-01T11:04:03","guid":{"rendered":"https:\/\/www.vipservis.com\/blog\/apple-ceosu-resmen-john-ternus-oldu\/"},"modified":"2026-09-01T11:04:03","modified_gmt":"2026-09-01T11:04:03","slug":"apple-ceosu-resmen-john-ternus-oldu","status":"publish","type":"post","link":"https:\/\/www.vipservis.com\/blog\/apple-ceosu-resmen-john-ternus-oldu\/","title":{"rendered":"Apple CEO&#8217;su Resmen John Ternus Oldu"},"content":{"rendered":"<div class=\"detail-content-body dark:text-dark-text\">\n<div class=\"flex relative bg-content-adv-bg justify-center gap-3 p-2 items-center my-12 content-adv-col\" style=\"min-height: 260px\">\n<div><\/div>\n<div><\/div>\n<\/p><\/div>\n<p>D&uuml;nyan&#305;n en b&uuml;y&uuml;k &#351;irketlerinden biri olan Apple i&ccedil;in beklenen g&uuml;n geldi &ccedil;att&#305;. <strong>Tim Cook, 15 y&#305;l&#305;n ard&#305;ndan ge&ccedil;ti&#287;imiz dakikalar itibar&#305;yla resmen CEO&rsquo;luk g&ouml;revini b&#305;rakt&#305;<\/strong>. &Ouml;nceden donan&#305;m b&ouml;l&uuml;m&uuml;n&uuml;n patronu olan <strong>John Ternus<\/strong>, &#351;u an itibar&#305;yla resmen Apple CEO&rsquo;su koltu&#287;una oturdu.<\/p>\n<div class=\"content-gallery-lightbox hidden md:block mb-5 dark:border-[#404040] dark:bg-[#2d2d30]\" data-gallery-images=\"[{&quot;src&quot;:&quot;https:\/\/imgrosetta.webtekno.com\/file\/680476\/680476-1200x675.jpg&quot;,&quot;alt&quot;:&quot;Appleu0027da Bir Devir Sona Erdi: Yeni CEO, Resmen John Ternus Oldu&quot;,&quot;width&quot;:1200,&quot;height&quot;:675},{&quot;src&quot;:&quot;https:\/\/imgrosetta.webtekno.com\/file\/680473\/1200xauto.jpg&quot;,&quot;alt&quot;:&quot;Ekran Resmi 2026-09-01 13.21.03&quot;,&quot;width&quot;:1200,&quot;height&quot;:675},{&quot;src&quot;:&quot;https:\/\/imgrosetta.webtekno.com\/file\/680479\/1200xauto.jpg&quot;,&quot;alt&quot;:&quot;terns&quot;,&quot;width&quot;:1200,&quot;height&quot;:675}]\">\n<div id=\"ez-toc-container\" class=\"ez-toc-v2_0_79_2 counter-hierarchy ez-toc-counter ez-toc-grey ez-toc-container-direction\">\n<div class=\"ez-toc-title-container\">\n<p class=\"ez-toc-title\" style=\"cursor:inherit\">\u0130\u00e7indekiler<\/p>\n<span class=\"ez-toc-title-toggle\"><a href=\"#\" class=\"ez-toc-pull-right ez-toc-btn ez-toc-btn-xs ez-toc-btn-default ez-toc-toggle\" aria-label=\"Toggle Table of Content\"><span class=\"ez-toc-js-icon-con\"><span class=\"\"><span class=\"eztoc-hide\" style=\"display:none;\">Toggle<\/span><span class=\"ez-toc-icon-toggle-span\"><svg style=\"fill: #ff0f0f;color:#ff0f0f\" xmlns=\"http:\/\/www.w3.org\/2000\/svg\" class=\"list-377408\" width=\"20px\" height=\"20px\" viewBox=\"0 0 24 24\" fill=\"none\"><path d=\"M6 6H4v2h2V6zm14 0H8v2h12V6zM4 11h2v2H4v-2zm16 0H8v2h12v-2zM4 16h2v2H4v-2zm16 0H8v2h12v-2z\" fill=\"currentColor\"><\/path><\/svg><svg style=\"fill: #ff0f0f;color:#ff0f0f\" class=\"arrow-unsorted-368013\" xmlns=\"http:\/\/www.w3.org\/2000\/svg\" width=\"10px\" height=\"10px\" viewBox=\"0 0 24 24\" version=\"1.2\" baseProfile=\"tiny\"><path d=\"M18.2 9.3l-6.2-6.3-6.2 6.3c-.2.2-.3.4-.3.7s.1.5.3.7c.2.2.4.3.7.3h11c.3 0 .5-.1.7-.3.2-.2.3-.5.3-.7s-.1-.5-.3-.7zM5.8 14.7l6.2 6.3 6.2-6.3c.2-.2.3-.5.3-.7s-.1-.5-.3-.7c-.2-.2-.4-.3-.7-.3h-11c-.3 0-.5.1-.7.3-.2.2-.3.5-.3.7s.1.5.3.7z\"\/><\/svg><\/span><\/span><\/span><\/a><\/span><\/div>\n<nav><ul class='ez-toc-list ez-toc-list-level-1 ' ><ul class='ez-toc-list-level-3' ><li class='ez-toc-heading-level-3'><a class=\"ez-toc-link ez-toc-heading-1\" href=\"https:\/\/www.vipservis.com\/blog\/apple-ceosu-resmen-john-ternus-oldu\/#Icerikten_Gorseller\" >&#304;&ccedil;erikten G&ouml;rseller<\/a><\/li><li class='ez-toc-page-1 ez-toc-heading-level-3'><a class=\"ez-toc-link ez-toc-heading-2\" href=\"https:\/\/www.vipservis.com\/blog\/apple-ceosu-resmen-john-ternus-oldu\/#Bunlar_da_Ilginizi_Cekebilir\" >Bunlar da &#304;lginizi &Ccedil;ekebilir<\/a><\/li><li class='ez-toc-page-1 ez-toc-heading-level-3'><a class=\"ez-toc-link ez-toc-heading-3\" href=\"https:\/\/www.vipservis.com\/blog\/apple-ceosu-resmen-john-ternus-oldu\/#Icerikten_Gorseller-2\" >&#304;&ccedil;erikten G&ouml;rseller<\/a><\/li><\/ul><\/li><li class='ez-toc-page-1 ez-toc-heading-level-2'><a class=\"ez-toc-link ez-toc-heading-4\" href=\"https:\/\/www.vipservis.com\/blog\/apple-ceosu-resmen-john-ternus-oldu\/#Applein_artik_yeni_bir_lideri_var\" >Apple&#8217;&#305;n art&#305;k yeni bir lideri var<\/a><\/li><li class='ez-toc-page-1 ez-toc-heading-level-2'><a class=\"ez-toc-link ez-toc-heading-5\" href=\"https:\/\/www.vipservis.com\/blog\/apple-ceosu-resmen-john-ternus-oldu\/#John_Ternus_kimdir\" >John Ternus kimdir?<\/a><\/li><\/ul><\/nav><\/div>\n<h3 class=\"content-gallery-title dark:text-dark-text\"><span class=\"ez-toc-section\" id=\"Icerikten_Gorseller\"><\/span>&#304;&ccedil;erikten G&ouml;rseller<span class=\"ez-toc-section-end\"><\/span><\/h3>\n<div class=\"content-gallery-body\">\n<div class=\"content-gallery-hero\" data-index=\"0\">\n                    <span class=\"gallery-img-wrapper\"><br \/>\n                        <img loading=\"lazy\" decoding=\"async\" src=\"https:\/\/www.vipservis.com\/blog\/wp-content\/uploads\/2026\/09\/680476-1200x675-1.jpg\" alt=\"Apple&apos;da Bir Devir Sona Erdi: Yeni CEO, Resmen John Ternus Oldu\" loading=\"lazy\" width=\"1200\" height=\"675\" style=\"max-width: 100%;height: auto;display: block;margin: 10px auto\"><br \/>\n                    <\/span>\n                <\/div>\n<div class=\"content-gallery-grid\">\n<div class=\"content-gallery-item \" data-index=\"1\">\n                                <img loading=\"lazy\" decoding=\"async\" src=\"https:\/\/www.vipservis.com\/blog\/wp-content\/uploads\/2026\/09\/1200xauto-30.jpg\" alt=\"Ekran Resmi 2026-09-01 13.21.03\" loading=\"lazy\" width=\"1200\" height=\"675\" style=\"max-width: 100%;height: auto;display: block;margin: 10px auto\">\n                                                            <\/div>\n<div class=\"content-gallery-item \" data-index=\"2\">\n                                <img loading=\"lazy\" decoding=\"async\" src=\"https:\/\/www.vipservis.com\/blog\/wp-content\/uploads\/2026\/09\/1200xauto-31.jpg\" alt=\"terns\" loading=\"lazy\" width=\"1200\" height=\"675\" style=\"max-width: 100%;height: auto;display: block;margin: 10px auto\">\n                                                            <\/div>\n<\/p><\/div>\n<\/p><\/div>\n<div class=\"content-gallery-overlay\" style=\"display:none\">\n            <button class=\"content-gallery-close\" aria-label=\"Kapat\">&times;<\/button><\/p>\n<div class=\"content-gallery-zoom-controls\">\n                <button class=\"content-gallery-zoom-in\" aria-label=\"Yak\u0131nla\u015ft\u0131r\">+<\/button><br \/>\n                <button class=\"content-gallery-zoom-out\" aria-label=\"Uzakla\u015ft\u0131r\">&minus;<\/button>\n            <\/div>\n<p>            <button class=\"content-gallery-prev\" aria-label=\"\u00d6nceki\">&lsaquo;<\/button><br \/>\n            <button class=\"content-gallery-next\" aria-label=\"Sonraki\">&rsaquo;<\/button><\/p>\n<div class=\"content-gallery-stage\"><\/div>\n<\/p><\/div>\n<\/p><\/div>\n<p>G&ouml;revi Ternus&#8217;a devreden Tim Cook, Apple Y&ouml;netimi Kurulu Ba&#351;kan&#305; olarak &#351;irkette yer almaya devam edecek. Apple&rsquo;&#305;n <strong>resm&icirc; sitesini inceledi&#287;imizde de art&#305;k Ternus&rsquo;un CEO olarak g&ouml;r&uuml;nmeye ba&#351;lad&#305;&#287;&#305;n&#305;<\/strong> g&ouml;rebiliyoruz.<\/p>\n<div class=\"content-adv-col relative my-12 flex items-center justify-center rounded-md bg-content-adv-bg dark:bg-dark-content-adv-bg\">\n<\/div>\n<div class=\"related-tag-posts-widget bg-category-most-read dark:bg-dark-category-most-read mb-4 mt-6 w-full overflow-hidden rounded-md pb-5\" data-related-tag-placeholder data-post-id=\"223348\">\n<div class=\"related-tag-title flex items-center rounded-t-md bg-primary p-4\">\n<h3 class=\"ml-2 text-xl font-bold text-white\"><span class=\"ez-toc-section\" id=\"Bunlar_da_Ilginizi_Cekebilir\"><\/span>\n            Bunlar da &#304;lginizi &Ccedil;ekebilir<br \/>\n        <span class=\"ez-toc-section-end\"><\/span><\/h3>\n<\/p><\/div>\n<div class=\"mt-5 grid grid-cols-2 gap-3 px-4 md:grid-cols-4 md:gap-4 md:px-5\">\n<div class=\"dark:bg-gray-900 block overflow-hidden rounded-lg bg-white shadow-sm\">\n<div class=\"space-y-2 p-2 md:p-3\"><\/div>\n<\/p><\/div>\n<div class=\"dark:bg-gray-900 block overflow-hidden rounded-lg bg-white shadow-sm\">\n<div class=\"space-y-2 p-2 md:p-3\"><\/div>\n<\/p><\/div>\n<div class=\"dark:bg-gray-900 block overflow-hidden rounded-lg bg-white shadow-sm\">\n<div class=\"space-y-2 p-2 md:p-3\"><\/div>\n<\/p><\/div>\n<div class=\"dark:bg-gray-900 block overflow-hidden rounded-lg bg-white shadow-sm\">\n<div class=\"space-y-2 p-2 md:p-3\"><\/div>\n<\/p><\/div>\n<\/p><\/div>\n<\/div>\n<div class=\"content-gallery-lightbox md:hidden mb-5 dark:border-[#404040] dark:bg-[#2d2d30]\" data-gallery-images=\"[{&quot;src&quot;:&quot;https:\/\/imgrosetta.webtekno.com\/file\/680476\/680476-1200x675.jpg&quot;,&quot;alt&quot;:&quot;Appleu0027da Bir Devir Sona Erdi: Yeni CEO, Resmen John Ternus Oldu&quot;,&quot;width&quot;:1200,&quot;height&quot;:675},{&quot;src&quot;:&quot;https:\/\/imgrosetta.webtekno.com\/file\/680473\/1200xauto.jpg&quot;,&quot;alt&quot;:&quot;Ekran Resmi 2026-09-01 13.21.03&quot;,&quot;width&quot;:1200,&quot;height&quot;:675},{&quot;src&quot;:&quot;https:\/\/imgrosetta.webtekno.com\/file\/680479\/1200xauto.jpg&quot;,&quot;alt&quot;:&quot;terns&quot;,&quot;width&quot;:1200,&quot;height&quot;:675}]\">\n<h3 class=\"content-gallery-title dark:text-dark-text\"><span class=\"ez-toc-section\" id=\"Icerikten_Gorseller-2\"><\/span>&#304;&ccedil;erikten G&ouml;rseller<span class=\"ez-toc-section-end\"><\/span><\/h3>\n<div class=\"content-gallery-body\">\n<div class=\"content-gallery-hero\" data-index=\"0\">\n                    <span class=\"gallery-img-wrapper\"><br \/>\n                        <img loading=\"lazy\" decoding=\"async\" src=\"https:\/\/www.vipservis.com\/blog\/wp-content\/uploads\/2026\/09\/680476-1200x675-2.jpg\" alt=\"Apple&apos;da Bir Devir Sona Erdi: Yeni CEO, Resmen John Ternus Oldu\" loading=\"lazy\" width=\"1200\" height=\"675\" style=\"max-width: 100%;height: auto;display: block;margin: 10px auto\"><br \/>\n                    <\/span>\n                <\/div>\n<div class=\"content-gallery-grid\">\n<div class=\"content-gallery-item \" data-index=\"1\">\n                                <img loading=\"lazy\" decoding=\"async\" src=\"https:\/\/www.vipservis.com\/blog\/wp-content\/uploads\/2026\/09\/1200xauto-32.jpg\" alt=\"Ekran Resmi 2026-09-01 13.21.03\" loading=\"lazy\" width=\"1200\" height=\"675\" style=\"max-width: 100%;height: auto;display: block;margin: 10px auto\">\n                                                            <\/div>\n<div class=\"content-gallery-item \" data-index=\"2\">\n                                <img loading=\"lazy\" decoding=\"async\" src=\"https:\/\/www.vipservis.com\/blog\/wp-content\/uploads\/2026\/09\/1200xauto-33.jpg\" alt=\"terns\" loading=\"lazy\" width=\"1200\" height=\"675\" style=\"max-width: 100%;height: auto;display: block;margin: 10px auto\">\n                                                            <\/div>\n<\/p><\/div>\n<\/p><\/div>\n<div class=\"content-gallery-overlay\" style=\"display:none\">\n            <button class=\"content-gallery-close\" aria-label=\"Kapat\">&times;<\/button><\/p>\n<div class=\"content-gallery-zoom-controls\">\n                <button class=\"content-gallery-zoom-in\" aria-label=\"Yak\u0131nla\u015ft\u0131r\">+<\/button><br \/>\n                <button class=\"content-gallery-zoom-out\" aria-label=\"Uzakla\u015ft\u0131r\">&minus;<\/button>\n            <\/div>\n<p>            <button class=\"content-gallery-prev\" aria-label=\"\u00d6nceki\">&lsaquo;<\/button><br \/>\n            <button class=\"content-gallery-next\" aria-label=\"Sonraki\">&rsaquo;<\/button><\/p>\n<div class=\"content-gallery-stage\"><\/div>\n<\/p><\/div>\n<\/p><\/div>\n<h2><span class=\"ez-toc-section\" id=\"Applein_artik_yeni_bir_lideri_var\"><\/span>Apple&#8217;&#305;n art&#305;k yeni bir lideri var<span class=\"ez-toc-section-end\"><\/span><\/h2>\n<p><span class=\"gallery-img-wrapper gallery-img-wrapper--body\"><img fetchpriority=\"high\" decoding=\"async\" width=\"1200\" height=\"675\" src=\"https:\/\/www.vipservis.com\/blog\/wp-content\/uploads\/2026\/09\/1200xauto-34.jpg\" alt=\"Ekran Resmi 2026-09-01 13.21.03\" style=\"max-width: 100%;height: auto;display: block;margin: 10px auto\"><\/span><\/p>\n<p>Ternus CEO&rsquo;lu&#287;undaki ilk lansman <strong>9 Eyl&uuml;l g&uuml;n&uuml; yap&#305;lacak<\/strong>. O etkinlikte iPhone 18 Pro modelleri, katlanabilir iPhone, yeni AirPods ve Apple Watch&rsquo;lar&#305;n tan&#305;t&#305;ld&#305;&#287;&#305;n&#305; g&ouml;rece&#287;iz. Ternus&rsquo;un donan&#305;m ge&ccedil;mi&#351;li biri olmas&#305;, Apple&rsquo;&#305;n daha inovasyon ve &uuml;r&uuml;n odakl&#305; bir gelece&#287;e ad&#305;m atabilece&#287;i anlam&#305;na geliyor.<\/p>\n<p>John Ternus&rsquo;un d&uuml;mene ge&ccedil;i&#351;i, teknoloji d&uuml;nyas&#305;n&#305;n ve k&uuml;resel pazar&#305;n olduk&ccedil;a karma&#351;&#305;k bir s&uuml;re&ccedil;ten ge&ccedil;ti&#287;i bir d&ouml;neme denk geliyor. &#350;irket bir yandan yapay zek&acirc; alan&#305;ndaki h&#305;zl&#305; y&uuml;kseli&#351;e ayak uydurmaya &ccedil;al&#305;&#351;&#305;rken di&#287;er yandan yapay zek&acirc; sekt&ouml;r&uuml;ndeki bu b&uuml;y&uuml;menin tetikledi&#287;i RAM ve di&#287;er bile&#351;en tedarik krizleriyle m&uuml;cadele ediyor.<\/p>\n<p>Ternus t&uuml;m bu operasyonel zorluklar&#305;n yan&#305; s&#305;ra zaman ge&ccedil;tik&ccedil;e daha da karma&#351;&#305;k bir hal alan k&uuml;resel siyasi ve ekonomik dengelerle de ba&#351; etmek zorunda kalacak. &Uuml;stelik yeni CEO, bu zorlu s&uuml;re&ccedil;te Tim Cook ve Steve Jobs d&ouml;neminde uzun y&#305;llar birlikte &ccedil;al&#305;&#351;m&#305;&#351; olan k&#305;demli y&ouml;netici ekibinin bir k&#305;sm&#305;ndan da yoksun olacak. Bug&uuml;n, &#351;irketle &ouml;zde&#351;le&#351;en isimlerden Phil Schiller da App Store y&ouml;netimi ve &uuml;r&uuml;n lansman etkinliklerini idare etti&#287;i g&ouml;revinden ayr&#305;lm&#305;&#351;t&#305;.<\/p>\n<h2><span class=\"ez-toc-section\" id=\"John_Ternus_kimdir\"><\/span>John Ternus kimdir?<span class=\"ez-toc-section-end\"><\/span><\/h2>\n<p><span class=\"gallery-img-wrapper gallery-img-wrapper--body\"><img decoding=\"async\" width=\"1200\" height=\"675\" src=\"https:\/\/www.vipservis.com\/blog\/wp-content\/uploads\/2026\/09\/1200xauto-35.jpg\" alt=\"terns\" style=\"max-width: 100%;height: auto;display: block;margin: 10px auto\"><\/span><\/p>\n<p>John Ternus, 1975 do&#287;umlu, yani 50 ya&#351;&#305;nda bir i&#351; insan&#305; ve m&uuml;hendis. ABD vatanda&#351;&#305; olan Ternus, 1997 y&#305;l&#305;nda Pensilvanya &Uuml;niversitesinin Makine M&uuml;hendisli&#287;i b&ouml;l&uuml;m&uuml;nden lisans derecesini ald&#305; ve bir m&uuml;hendis olarak mezun oldu. Bunun ard&#305;ndan da teknoloji d&uuml;nyas&#305;na ad&#305;m att&#305;. 4 y&#305;l farkl&#305; bir &#351;irkette g&ouml;rev yapt&#305;ktan sonra 2001&#8217;de <a href=\"https:\/\/www.webtekno.com\/konu\/apple\" style=\"color:#ff0000\">Apple<\/a>&#8216;a girdi ve &uuml;r&uuml;n tasar&#305;m&#305; alan&#305;nda g&ouml;revine ba&#351;lad&#305;. 2013 y&#305;l&#305;nda ise Donan&#305;m M&uuml;hendisli&#287;inden Sorumlu Ba&#351;kan Yard&#305;mc&#305;s&#305; olarak &uuml;st d&uuml;zey pozisyonlardan birine geldi ve bug&uuml;ne kadar bir&ccedil;ok ba&#351;ar&#305;l&#305; &uuml;r&uuml;ne imza att&#305;.<\/p>\n<\/p><\/div>\n","protected":false},"excerpt":{"rendered":"<p>D&uuml;nyan&#305;n en b&uuml;y&uuml;k &#351;irketlerinden biri olan Apple i&ccedil;in beklenen g&uuml;n geldi &ccedil;att&#305;. Tim Cook, 15 y&#305;l&#305;n ard&#305;ndan ge&ccedil;ti&#287;imiz dakikalar itibar&#305;yla resmen CEO&rsquo;luk g&ouml;revini b&#305;rakt&#305;. &Ouml;nceden donan&#305;m b&ouml;l&uuml;m&uuml;n&uuml;n patronu olan John Ternus, &#351;u an itibar&#305;yla resmen Apple CEO&rsquo;su koltu&#287;una oturdu. &#304;&ccedil;erikten G&ouml;rseller &times; + &minus; &lsaquo; &rsaquo; G&ouml;revi Ternus&#8217;a devreden Tim Cook, Apple Y&ouml;netimi Kurulu Ba&#351;kan&#305; [&hellip;]<\/p>\n","protected":false},"author":1,"featured_media":44482,"comment_status":"open","ping_status":"open","sticky":false,"template":"","format":"standard","meta":{"footnotes":""},"categories":[1],"tags":[],"class_list":["post-44491","post","type-post","status-publish","format-standard","has-post-thumbnail","hentry","category-genel"],"yoast_head":"<!-- This site is optimized with the Yoast SEO plugin v23.4 - https:\/\/yoast.com\/wordpress\/plugins\/seo\/ -->\n<title>Apple CEO&#039;su Resmen John Ternus Oldu - Vipservis Blog<\/title>\n<meta name=\"robots\" content=\"index, follow, max-snippet:-1, max-image-preview:large, max-video-preview:-1\" \/>\n<link rel=\"canonical\" href=\"https:\/\/www.vipservis.com\/blog\/apple-ceosu-resmen-john-ternus-oldu\/\" \/>\n<meta property=\"og:locale\" content=\"tr_TR\" \/>\n<meta property=\"og:type\" content=\"article\" \/>\n<meta property=\"og:title\" content=\"Apple CEO&#039;su Resmen John Ternus Oldu - Vipservis Blog\" \/>\n<meta property=\"og:description\" content=\"D&uuml;nyan&#305;n en b&uuml;y&uuml;k &#351;irketlerinden biri olan Apple i&ccedil;in beklenen g&uuml;n geldi &ccedil;att&#305;. Tim Cook, 15 y&#305;l&#305;n ard&#305;ndan ge&ccedil;ti&#287;imiz dakikalar itibar&#305;yla resmen CEO&rsquo;luk g&ouml;revini b&#305;rakt&#305;. &Ouml;nceden donan&#305;m b&ouml;l&uuml;m&uuml;n&uuml;n patronu olan John Ternus, &#351;u an itibar&#305;yla resmen Apple CEO&rsquo;su koltu&#287;una oturdu. &#304;&ccedil;erikten G&ouml;rseller &times; + &minus; &lsaquo; &rsaquo; G&ouml;revi Ternus&#8217;a devreden Tim Cook, Apple Y&ouml;netimi Kurulu Ba&#351;kan&#305; [&hellip;]\" \/>\n<meta property=\"og:url\" content=\"https:\/\/www.vipservis.com\/blog\/apple-ceosu-resmen-john-ternus-oldu\/\" \/>\n<meta property=\"og:site_name\" content=\"Vipservis Blog\" \/>\n<meta property=\"article:publisher\" content=\"https:\/\/www.facebook.com\/vipserviscom\" \/>\n<meta property=\"article:published_time\" content=\"2026-09-01T11:04:03+00:00\" \/>\n<meta property=\"og:image\" content=\"https:\/\/www.vipservis.com\/blog\/wp-content\/uploads\/2026\/09\/680476-1200x675-1.jpg\" \/>\n<meta name=\"author\" content=\"Vipservis\" \/>\n<meta name=\"twitter:card\" content=\"summary_large_image\" \/>\n<meta name=\"twitter:creator\" content=\"@vipserviscom\" \/>\n<meta name=\"twitter:site\" content=\"@vipserviscom\" \/>\n<meta name=\"twitter:label1\" content=\"Yazan:\" \/>\n\t<meta name=\"twitter:data1\" content=\"Vipservis\" \/>\n\t<meta name=\"twitter:label2\" content=\"Tahmini okuma s\u00fcresi\" \/>\n\t<meta name=\"twitter:data2\" content=\"3 dakika\" \/>\n<script type=\"application\/ld+json\" class=\"yoast-schema-graph\">{\"@context\":\"https:\/\/schema.org\",\"@graph\":[{\"@type\":\"Article\",\"@id\":\"https:\/\/www.vipservis.com\/blog\/apple-ceosu-resmen-john-ternus-oldu\/#article\",\"isPartOf\":{\"@id\":\"https:\/\/www.vipservis.com\/blog\/apple-ceosu-resmen-john-ternus-oldu\/\"},\"author\":{\"name\":\"Vipservis\",\"@id\":\"https:\/\/www.vipservis.com\/blog\/#\/schema\/person\/cdb61a7e4f2eef5e8f9550829d769ed2\"},\"headline\":\"Apple CEO&#8217;su Resmen John Ternus Oldu\",\"datePublished\":\"2026-09-01T11:04:03+00:00\",\"dateModified\":\"2026-09-01T11:04:03+00:00\",\"mainEntityOfPage\":{\"@id\":\"https:\/\/www.vipservis.com\/blog\/apple-ceosu-resmen-john-ternus-oldu\/\"},\"wordCount\":569,\"commentCount\":0,\"publisher\":{\"@id\":\"https:\/\/www.vipservis.com\/blog\/#organization\"},\"image\":{\"@id\":\"https:\/\/www.vipservis.com\/blog\/apple-ceosu-resmen-john-ternus-oldu\/#primaryimage\"},\"thumbnailUrl\":\"https:\/\/www.vipservis.com\/blog\/wp-content\/uploads\/2026\/09\/680476-640xauto.jpg\",\"inLanguage\":\"tr\",\"potentialAction\":[{\"@type\":\"CommentAction\",\"name\":\"Comment\",\"target\":[\"https:\/\/www.vipservis.com\/blog\/apple-ceosu-resmen-john-ternus-oldu\/#respond\"]}]},{\"@type\":\"WebPage\",\"@id\":\"https:\/\/www.vipservis.com\/blog\/apple-ceosu-resmen-john-ternus-oldu\/\",\"url\":\"https:\/\/www.vipservis.com\/blog\/apple-ceosu-resmen-john-ternus-oldu\/\",\"name\":\"Apple CEO'su Resmen John Ternus Oldu - Vipservis Blog\",\"isPartOf\":{\"@id\":\"https:\/\/www.vipservis.com\/blog\/#website\"},\"primaryImageOfPage\":{\"@id\":\"https:\/\/www.vipservis.com\/blog\/apple-ceosu-resmen-john-ternus-oldu\/#primaryimage\"},\"image\":{\"@id\":\"https:\/\/www.vipservis.com\/blog\/apple-ceosu-resmen-john-ternus-oldu\/#primaryimage\"},\"thumbnailUrl\":\"https:\/\/www.vipservis.com\/blog\/wp-content\/uploads\/2026\/09\/680476-640xauto.jpg\",\"datePublished\":\"2026-09-01T11:04:03+00:00\",\"dateModified\":\"2026-09-01T11:04:03+00:00\",\"breadcrumb\":{\"@id\":\"https:\/\/www.vipservis.com\/blog\/apple-ceosu-resmen-john-ternus-oldu\/#breadcrumb\"},\"inLanguage\":\"tr\",\"potentialAction\":[{\"@type\":\"ReadAction\",\"target\":[\"https:\/\/www.vipservis.com\/blog\/apple-ceosu-resmen-john-ternus-oldu\/\"]}]},{\"@type\":\"ImageObject\",\"inLanguage\":\"tr\",\"@id\":\"https:\/\/www.vipservis.com\/blog\/apple-ceosu-resmen-john-ternus-oldu\/#primaryimage\",\"url\":\"https:\/\/www.vipservis.com\/blog\/wp-content\/uploads\/2026\/09\/680476-640xauto.jpg\",\"contentUrl\":\"https:\/\/www.vipservis.com\/blog\/wp-content\/uploads\/2026\/09\/680476-640xauto.jpg\",\"width\":640,\"height\":360},{\"@type\":\"BreadcrumbList\",\"@id\":\"https:\/\/www.vipservis.com\/blog\/apple-ceosu-resmen-john-ternus-oldu\/#breadcrumb\",\"itemListElement\":[{\"@type\":\"ListItem\",\"position\":1,\"name\":\"Anasayfa\",\"item\":\"https:\/\/www.vipservis.com\/blog\/\"},{\"@type\":\"ListItem\",\"position\":2,\"name\":\"Apple CEO&#8217;su Resmen John Ternus Oldu\"}]},{\"@type\":\"WebSite\",\"@id\":\"https:\/\/www.vipservis.com\/blog\/#website\",\"url\":\"https:\/\/www.vipservis.com\/blog\/\",\"name\":\"Vipservis Blog\",\"description\":\"Vipservis Olarak 26 Y\u0131ll\u0131k Tecr\u00fcbemiz ile Cevap Arad\u0131\u011f\u0131n\u0131z T\u00fcm Sorular\u0131 Yaz\u0131yoruz.\",\"publisher\":{\"@id\":\"https:\/\/www.vipservis.com\/blog\/#organization\"},\"potentialAction\":[{\"@type\":\"SearchAction\",\"target\":{\"@type\":\"EntryPoint\",\"urlTemplate\":\"https:\/\/www.vipservis.com\/blog\/?s={search_term_string}\"},\"query-input\":{\"@type\":\"PropertyValueSpecification\",\"valueRequired\":true,\"valueName\":\"search_term_string\"}}],\"inLanguage\":\"tr\"},{\"@type\":\"Organization\",\"@id\":\"https:\/\/www.vipservis.com\/blog\/#organization\",\"name\":\"Vipservis Bili\u015fim ve \u0130nternet Teknolojileri\",\"url\":\"https:\/\/www.vipservis.com\/blog\/\",\"logo\":{\"@type\":\"ImageObject\",\"inLanguage\":\"tr\",\"@id\":\"https:\/\/www.vipservis.com\/blog\/#\/schema\/logo\/image\/\",\"url\":\"https:\/\/www.vipservis.com\/blog\/wp-content\/uploads\/2024\/09\/logo-1.png\",\"contentUrl\":\"https:\/\/www.vipservis.com\/blog\/wp-content\/uploads\/2024\/09\/logo-1.png\",\"width\":500,\"height\":104,\"caption\":\"Vipservis Bili\u015fim ve \u0130nternet Teknolojileri\"},\"image\":{\"@id\":\"https:\/\/www.vipservis.com\/blog\/#\/schema\/logo\/image\/\"},\"sameAs\":[\"https:\/\/www.facebook.com\/vipserviscom\",\"https:\/\/x.com\/vipserviscom\",\"https:\/\/www.instagram.com\/vipserviscom\",\"https:\/\/www.linkedin.com\/company\/vipservis?originalSubdomain=tr\"]},{\"@type\":\"Person\",\"@id\":\"https:\/\/www.vipservis.com\/blog\/#\/schema\/person\/cdb61a7e4f2eef5e8f9550829d769ed2\",\"name\":\"Vipservis\",\"image\":{\"@type\":\"ImageObject\",\"inLanguage\":\"tr\",\"@id\":\"https:\/\/www.vipservis.com\/blog\/#\/schema\/person\/image\/\",\"url\":\"https:\/\/www.vipservis.com\/blog\/wp-content\/litespeed\/avatar\/6600f3cb02baa85efeb72add678e6f83.jpg?ver=1787920687\",\"contentUrl\":\"https:\/\/www.vipservis.com\/blog\/wp-content\/litespeed\/avatar\/6600f3cb02baa85efeb72add678e6f83.jpg?ver=1787920687\",\"caption\":\"Vipservis\"},\"sameAs\":[\"https:\/\/vipservis.com\/blog\"],\"url\":\"https:\/\/www.vipservis.com\/blog\/author\/crawk\/\"}]}<\/script>\n<!-- \/ Yoast SEO plugin. -->","yoast_head_json":{"title":"Apple CEO'su Resmen John Ternus Oldu - Vipservis Blog","robots":{"index":"index","follow":"follow","max-snippet":"max-snippet:-1","max-image-preview":"max-image-preview:large","max-video-preview":"max-video-preview:-1"},"canonical":"https:\/\/www.vipservis.com\/blog\/apple-ceosu-resmen-john-ternus-oldu\/","og_locale":"tr_TR","og_type":"article","og_title":"Apple CEO'su Resmen John Ternus Oldu - Vipservis Blog","og_description":"D&uuml;nyan&#305;n en b&uuml;y&uuml;k &#351;irketlerinden biri olan Apple i&ccedil;in beklenen g&uuml;n geldi &ccedil;att&#305;. Tim Cook, 15 y&#305;l&#305;n ard&#305;ndan ge&ccedil;ti&#287;imiz dakikalar itibar&#305;yla resmen CEO&rsquo;luk g&ouml;revini b&#305;rakt&#305;. &Ouml;nceden donan&#305;m b&ouml;l&uuml;m&uuml;n&uuml;n patronu olan John Ternus, &#351;u an itibar&#305;yla resmen Apple CEO&rsquo;su koltu&#287;una oturdu. &#304;&ccedil;erikten G&ouml;rseller &times; + &minus; &lsaquo; &rsaquo; G&ouml;revi Ternus&#8217;a devreden Tim Cook, Apple Y&ouml;netimi Kurulu Ba&#351;kan&#305; [&hellip;]","og_url":"https:\/\/www.vipservis.com\/blog\/apple-ceosu-resmen-john-ternus-oldu\/","og_site_name":"Vipservis Blog","article_publisher":"https:\/\/www.facebook.com\/vipserviscom","article_published_time":"2026-09-01T11:04:03+00:00","og_image":[{"url":"https:\/\/www.vipservis.com\/blog\/wp-content\/uploads\/2026\/09\/680476-1200x675-1.jpg"}],"author":"Vipservis","twitter_card":"summary_large_image","twitter_creator":"@vipserviscom","twitter_site":"@vipserviscom","twitter_misc":{"Yazan:":"Vipservis","Tahmini okuma s\u00fcresi":"3 dakika"},"schema":{"@context":"https:\/\/schema.org","@graph":[{"@type":"Article","@id":"https:\/\/www.vipservis.com\/blog\/apple-ceosu-resmen-john-ternus-oldu\/#article","isPartOf":{"@id":"https:\/\/www.vipservis.com\/blog\/apple-ceosu-resmen-john-ternus-oldu\/"},"author":{"name":"Vipservis","@id":"https:\/\/www.vipservis.com\/blog\/#\/schema\/person\/cdb61a7e4f2eef5e8f9550829d769ed2"},"headline":"Apple CEO&#8217;su Resmen John Ternus Oldu","datePublished":"2026-09-01T11:04:03+00:00","dateModified":"2026-09-01T11:04:03+00:00","mainEntityOfPage":{"@id":"https:\/\/www.vipservis.com\/blog\/apple-ceosu-resmen-john-ternus-oldu\/"},"wordCount":569,"commentCount":0,"publisher":{"@id":"https:\/\/www.vipservis.com\/blog\/#organization"},"image":{"@id":"https:\/\/www.vipservis.com\/blog\/apple-ceosu-resmen-john-ternus-oldu\/#primaryimage"},"thumbnailUrl":"https:\/\/www.vipservis.com\/blog\/wp-content\/uploads\/2026\/09\/680476-640xauto.jpg","inLanguage":"tr","potentialAction":[{"@type":"CommentAction","name":"Comment","target":["https:\/\/www.vipservis.com\/blog\/apple-ceosu-resmen-john-ternus-oldu\/#respond"]}]},{"@type":"WebPage","@id":"https:\/\/www.vipservis.com\/blog\/apple-ceosu-resmen-john-ternus-oldu\/","url":"https:\/\/www.vipservis.com\/blog\/apple-ceosu-resmen-john-ternus-oldu\/","name":"Apple CEO'su Resmen John Ternus Oldu - Vipservis Blog","isPartOf":{"@id":"https:\/\/www.vipservis.com\/blog\/#website"},"primaryImageOfPage":{"@id":"https:\/\/www.vipservis.com\/blog\/apple-ceosu-resmen-john-ternus-oldu\/#primaryimage"},"image":{"@id":"https:\/\/www.vipservis.com\/blog\/apple-ceosu-resmen-john-ternus-oldu\/#primaryimage"},"thumbnailUrl":"https:\/\/www.vipservis.com\/blog\/wp-content\/uploads\/2026\/09\/680476-640xauto.jpg","datePublished":"2026-09-01T11:04:03+00:00","dateModified":"2026-09-01T11:04:03+00:00","breadcrumb":{"@id":"https:\/\/www.vipservis.com\/blog\/apple-ceosu-resmen-john-ternus-oldu\/#breadcrumb"},"inLanguage":"tr","potentialAction":[{"@type":"ReadAction","target":["https:\/\/www.vipservis.com\/blog\/apple-ceosu-resmen-john-ternus-oldu\/"]}]},{"@type":"ImageObject","inLanguage":"tr","@id":"https:\/\/www.vipservis.com\/blog\/apple-ceosu-resmen-john-ternus-oldu\/#primaryimage","url":"https:\/\/www.vipservis.com\/blog\/wp-content\/uploads\/2026\/09\/680476-640xauto.jpg","contentUrl":"https:\/\/www.vipservis.com\/blog\/wp-content\/uploads\/2026\/09\/680476-640xauto.jpg","width":640,"height":360},{"@type":"BreadcrumbList","@id":"https:\/\/www.vipservis.com\/blog\/apple-ceosu-resmen-john-ternus-oldu\/#breadcrumb","itemListElement":[{"@type":"ListItem","position":1,"name":"Anasayfa","item":"https:\/\/www.vipservis.com\/blog\/"},{"@type":"ListItem","position":2,"name":"Apple CEO&#8217;su Resmen John Ternus Oldu"}]},{"@type":"WebSite","@id":"https:\/\/www.vipservis.com\/blog\/#website","url":"https:\/\/www.vipservis.com\/blog\/","name":"Vipservis Blog","description":"Vipservis Olarak 26 Y\u0131ll\u0131k Tecr\u00fcbemiz ile Cevap Arad\u0131\u011f\u0131n\u0131z T\u00fcm Sorular\u0131 Yaz\u0131yoruz.","publisher":{"@id":"https:\/\/www.vipservis.com\/blog\/#organization"},"potentialAction":[{"@type":"SearchAction","target":{"@type":"EntryPoint","urlTemplate":"https:\/\/www.vipservis.com\/blog\/?s={search_term_string}"},"query-input":{"@type":"PropertyValueSpecification","valueRequired":true,"valueName":"search_term_string"}}],"inLanguage":"tr"},{"@type":"Organization","@id":"https:\/\/www.vipservis.com\/blog\/#organization","name":"Vipservis Bili\u015fim ve \u0130nternet Teknolojileri","url":"https:\/\/www.vipservis.com\/blog\/","logo":{"@type":"ImageObject","inLanguage":"tr","@id":"https:\/\/www.vipservis.com\/blog\/#\/schema\/logo\/image\/","url":"https:\/\/www.vipservis.com\/blog\/wp-content\/uploads\/2024\/09\/logo-1.png","contentUrl":"https:\/\/www.vipservis.com\/blog\/wp-content\/uploads\/2024\/09\/logo-1.png","width":500,"height":104,"caption":"Vipservis Bili\u015fim ve \u0130nternet Teknolojileri"},"image":{"@id":"https:\/\/www.vipservis.com\/blog\/#\/schema\/logo\/image\/"},"sameAs":["https:\/\/www.facebook.com\/vipserviscom","https:\/\/x.com\/vipserviscom","https:\/\/www.instagram.com\/vipserviscom","https:\/\/www.linkedin.com\/company\/vipservis?originalSubdomain=tr"]},{"@type":"Person","@id":"https:\/\/www.vipservis.com\/blog\/#\/schema\/person\/cdb61a7e4f2eef5e8f9550829d769ed2","name":"Vipservis","image":{"@type":"ImageObject","inLanguage":"tr","@id":"https:\/\/www.vipservis.com\/blog\/#\/schema\/person\/image\/","url":"https:\/\/www.vipservis.com\/blog\/wp-content\/litespeed\/avatar\/6600f3cb02baa85efeb72add678e6f83.jpg?ver=1787920687","contentUrl":"https:\/\/www.vipservis.com\/blog\/wp-content\/litespeed\/avatar\/6600f3cb02baa85efeb72add678e6f83.jpg?ver=1787920687","caption":"Vipservis"},"sameAs":["https:\/\/vipservis.com\/blog"],"url":"https:\/\/www.vipservis.com\/blog\/author\/crawk\/"}]}},"_links":{"self":[{"href":"https:\/\/www.vipservis.com\/blog\/wp-json\/wp\/v2\/posts\/44491","targetHints":{"allow":["GET"]}}],"collection":[{"href":"https:\/\/www.vipservis.com\/blog\/wp-json\/wp\/v2\/posts"}],"about":[{"href":"https:\/\/www.vipservis.com\/blog\/wp-json\/wp\/v2\/types\/post"}],"author":[{"embeddable":true,"href":"https:\/\/www.vipservis.com\/blog\/wp-json\/wp\/v2\/users\/1"}],"replies":[{"embeddable":true,"href":"https:\/\/www.vipservis.com\/blog\/wp-json\/wp\/v2\/comments?post=44491"}],"version-history":[{"count":0,"href":"https:\/\/www.vipservis.com\/blog\/wp-json\/wp\/v2\/posts\/44491\/revisions"}],"wp:featuredmedia":[{"embeddable":true,"href":"https:\/\/www.vipservis.com\/blog\/wp-json\/wp\/v2\/media\/44482"}],"wp:attachment":[{"href":"https:\/\/www.vipservis.com\/blog\/wp-json\/wp\/v2\/media?parent=44491"}],"wp:term":[{"taxonomy":"category","embeddable":true,"href":"https:\/\/www.vipservis.com\/blog\/wp-json\/wp\/v2\/categories?post=44491"},{"taxonomy":"post_tag","embeddable":true,"href":"https:\/\/www.vipservis.com\/blog\/wp-json\/wp\/v2\/tags?post=44491"}],"curies":[{"name":"wp","href":"https:\/\/api.w.org\/{rel}","templated":true}]}}