{"id":44604,"date":"2026-09-02T04:53:54","date_gmt":"2026-09-02T04:53:54","guid":{"rendered":"https:\/\/www.vipservis.com\/blog\/yenilenen-renault-scenic-e-tech-tanitildi\/"},"modified":"2026-09-02T04:53:54","modified_gmt":"2026-09-02T04:53:54","slug":"yenilenen-renault-scenic-e-tech-tanitildi","status":"publish","type":"post","link":"https:\/\/www.vipservis.com\/blog\/yenilenen-renault-scenic-e-tech-tanitildi\/","title":{"rendered":"Yenilenen Renault Scenic E-Tech Tan\u0131t\u0131ld\u0131"},"content":{"rendered":"<div class=\"detail-content-body dark:text-dark-text\">\n<div class=\"flex relative bg-content-adv-bg justify-center gap-3 p-2 items-center my-12 content-adv-col\" style=\"min-height: 260px\">\n<div><\/div>\n<div><\/div>\n<\/p><\/div>\n<p>T&uuml;rkiye&rsquo;de de &ccedil;ok ilgi g&ouml;ren bir marka olan <strong>Renault<\/strong>, elektrikli modelleriyle kar&#351;&#305;m&#305;za &ccedil;&#305;kmaya devam ediyor. &#350;imdi ise &#351;irket, yenilenen <strong>Scenic E-Tech<\/strong> modelini resmen tan&#305;tt&#305;. Ara&ccedil; hem tasar&#305;msal hem de teknik konularda kullan&#305;c&#305;lar&#305; sevindirecek yeniliklerle geliyor.<\/p>\n<div class=\"content-gallery-lightbox hidden md:block mb-5 dark:border-[#404040] dark:bg-[#2d2d30]\" data-gallery-images=\"[{&quot;src&quot;:&quot;https:\/\/imgrosetta.webtekno.com\/file\/680575\/680575-1200x675.jpg&quot;,&quot;alt&quot;:&quot;Yenilenen Renault Scenic E-Tech Tanu0131tu0131ldu0131: 642 km Menzille Geliyor!&quot;,&quot;width&quot;:1200,&quot;height&quot;:675},{&quot;src&quot;:&quot;https:\/\/imgrosetta.webtekno.com\/file\/680570\/1200xauto.jpg&quot;,&quot;alt&quot;:&quot;reno1&quot;,&quot;width&quot;:1200,&quot;height&quot;:675},{&quot;src&quot;:&quot;https:\/\/imgrosetta.webtekno.com\/file\/680572\/1200xauto.jpg&quot;,&quot;alt&quot;:&quot;reno2&quot;,&quot;width&quot;:1200,&quot;height&quot;:675},{&quot;src&quot;:&quot;https:\/\/imgrosetta.webtekno.com\/file\/680567\/1200xauto.jpg&quot;,&quot;alt&quot;:&quot;renoic&quot;,&quot;width&quot;:1200,&quot;height&quot;:675}]\">\n<div id=\"ez-toc-container\" class=\"ez-toc-v2_0_79_2 counter-hierarchy ez-toc-counter ez-toc-grey ez-toc-container-direction\">\n<div class=\"ez-toc-title-container\">\n<p class=\"ez-toc-title\" style=\"cursor:inherit\">\u0130\u00e7indekiler<\/p>\n<span class=\"ez-toc-title-toggle\"><a href=\"#\" class=\"ez-toc-pull-right ez-toc-btn ez-toc-btn-xs ez-toc-btn-default ez-toc-toggle\" aria-label=\"Toggle Table of Content\"><span class=\"ez-toc-js-icon-con\"><span class=\"\"><span class=\"eztoc-hide\" style=\"display:none;\">Toggle<\/span><span class=\"ez-toc-icon-toggle-span\"><svg style=\"fill: #ff0f0f;color:#ff0f0f\" xmlns=\"http:\/\/www.w3.org\/2000\/svg\" class=\"list-377408\" width=\"20px\" height=\"20px\" viewBox=\"0 0 24 24\" fill=\"none\"><path d=\"M6 6H4v2h2V6zm14 0H8v2h12V6zM4 11h2v2H4v-2zm16 0H8v2h12v-2zM4 16h2v2H4v-2zm16 0H8v2h12v-2z\" fill=\"currentColor\"><\/path><\/svg><svg style=\"fill: #ff0f0f;color:#ff0f0f\" class=\"arrow-unsorted-368013\" xmlns=\"http:\/\/www.w3.org\/2000\/svg\" width=\"10px\" height=\"10px\" viewBox=\"0 0 24 24\" version=\"1.2\" baseProfile=\"tiny\"><path d=\"M18.2 9.3l-6.2-6.3-6.2 6.3c-.2.2-.3.4-.3.7s.1.5.3.7c.2.2.4.3.7.3h11c.3 0 .5-.1.7-.3.2-.2.3-.5.3-.7s-.1-.5-.3-.7zM5.8 14.7l6.2 6.3 6.2-6.3c.2-.2.3-.5.3-.7s-.1-.5-.3-.7c-.2-.2-.4-.3-.7-.3h-11c-.3 0-.5.1-.7.3-.2.2-.3.5-.3.7s.1.5.3.7z\"\/><\/svg><\/span><\/span><\/span><\/a><\/span><\/div>\n<nav><ul class='ez-toc-list ez-toc-list-level-1 ' ><ul class='ez-toc-list-level-3' ><li class='ez-toc-heading-level-3'><a class=\"ez-toc-link ez-toc-heading-1\" href=\"https:\/\/www.vipservis.com\/blog\/yenilenen-renault-scenic-e-tech-tanitildi\/#Icerikten_Gorseller\" >&#304;&ccedil;erikten G&ouml;rseller<\/a><\/li><li class='ez-toc-page-1 ez-toc-heading-level-3'><a class=\"ez-toc-link ez-toc-heading-2\" href=\"https:\/\/www.vipservis.com\/blog\/yenilenen-renault-scenic-e-tech-tanitildi\/#Bunlar_da_Ilginizi_Cekebilir\" >Bunlar da &#304;lginizi &Ccedil;ekebilir<\/a><\/li><li class='ez-toc-page-1 ez-toc-heading-level-3'><a class=\"ez-toc-link ez-toc-heading-3\" href=\"https:\/\/www.vipservis.com\/blog\/yenilenen-renault-scenic-e-tech-tanitildi\/#Icerikten_Gorseller-2\" >&#304;&ccedil;erikten G&ouml;rseller<\/a><\/li><\/ul><\/li><li class='ez-toc-page-1 ez-toc-heading-level-2'><a class=\"ez-toc-link ez-toc-heading-4\" href=\"https:\/\/www.vipservis.com\/blog\/yenilenen-renault-scenic-e-tech-tanitildi\/#Karsinizda_yeni_Renault_Scenic_E-Tech\" >Kar&#351;&#305;n&#305;zda yeni Renault Scenic E-Tech<\/a><\/li><\/ul><\/nav><\/div>\n<h3 class=\"content-gallery-title dark:text-dark-text\"><span class=\"ez-toc-section\" id=\"Icerikten_Gorseller\"><\/span>&#304;&ccedil;erikten G&ouml;rseller<span class=\"ez-toc-section-end\"><\/span><\/h3>\n<div class=\"content-gallery-body\">\n<div class=\"content-gallery-hero\" data-index=\"0\">\n                    <span class=\"gallery-img-wrapper\"><br \/>\n                        <img loading=\"lazy\" decoding=\"async\" src=\"https:\/\/www.vipservis.com\/blog\/wp-content\/uploads\/2026\/09\/680575-1200x675-1.jpg\" alt=\"Yenilenen Renault Scenic E-Tech Tan\u0131t\u0131ld\u0131: 642 km Menzille Geliyor!\" loading=\"lazy\" width=\"1200\" height=\"675\" style=\"max-width: 100%;height: auto;display: block;margin: 10px auto\"><br \/>\n                    <\/span>\n                <\/div>\n<div class=\"content-gallery-grid\">\n<div class=\"content-gallery-item \" data-index=\"1\">\n                                <img loading=\"lazy\" decoding=\"async\" src=\"https:\/\/www.vipservis.com\/blog\/wp-content\/uploads\/2026\/09\/1200xauto-104.jpg\" alt=\"reno1\" loading=\"lazy\" width=\"1200\" height=\"675\" style=\"max-width: 100%;height: auto;display: block;margin: 10px auto\">\n                                                            <\/div>\n<div class=\"content-gallery-item \" data-index=\"2\">\n                                <img loading=\"lazy\" decoding=\"async\" src=\"https:\/\/www.vipservis.com\/blog\/wp-content\/uploads\/2026\/09\/1200xauto-105.jpg\" alt=\"reno2\" loading=\"lazy\" width=\"1200\" height=\"675\" style=\"max-width: 100%;height: auto;display: block;margin: 10px auto\">\n                                                            <\/div>\n<div class=\"content-gallery-item \" data-index=\"3\">\n                                <img loading=\"lazy\" decoding=\"async\" src=\"https:\/\/www.vipservis.com\/blog\/wp-content\/uploads\/2026\/09\/1200xauto-106.jpg\" alt=\"renoic\" loading=\"lazy\" width=\"1200\" height=\"675\" style=\"max-width: 100%;height: auto;display: block;margin: 10px auto\">\n                                                            <\/div>\n<\/p><\/div>\n<\/p><\/div>\n<div class=\"content-gallery-overlay\" style=\"display:none\">\n            <button class=\"content-gallery-close\" aria-label=\"Kapat\">&times;<\/button><\/p>\n<div class=\"content-gallery-zoom-controls\">\n                <button class=\"content-gallery-zoom-in\" aria-label=\"Yak\u0131nla\u015ft\u0131r\">+<\/button><br \/>\n                <button class=\"content-gallery-zoom-out\" aria-label=\"Uzakla\u015ft\u0131r\">&minus;<\/button>\n            <\/div>\n<p>            <button class=\"content-gallery-prev\" aria-label=\"\u00d6nceki\">&lsaquo;<\/button><br \/>\n            <button class=\"content-gallery-next\" aria-label=\"Sonraki\">&rsaquo;<\/button><\/p>\n<div class=\"content-gallery-stage\"><\/div>\n<\/p><\/div>\n<\/p><\/div>\n<p>D&#305;&#351; tasar&#305;mda ara&ccedil; gam&#305;na G&ouml;k Ta&#351;&#305; Grisi ve Mat Kayrak Mavisi olmak &uuml;zere iki yeni g&ouml;vde rengi d&acirc;hil edilen yeni Scenic, 72 oran&#305;nda geri d&ouml;n&uuml;&#351;t&uuml;r&uuml;lm&uuml;&#351; malzemeden &uuml;retilen yeni <strong>19 ve 20 in&ccedil;lik aerodinamik jant<\/strong> opsiyonlar&#305;yla geliyor.<\/p>\n<div class=\"content-adv-col relative my-12 flex items-center justify-center rounded-md bg-content-adv-bg dark:bg-dark-content-adv-bg\">\n<\/div>\n<div class=\"related-tag-posts-widget bg-category-most-read dark:bg-dark-category-most-read mb-4 mt-6 w-full overflow-hidden rounded-md pb-5\" data-related-tag-placeholder data-post-id=\"223375\">\n<div class=\"related-tag-title flex items-center rounded-t-md bg-primary p-4\">\n<h3 class=\"ml-2 text-xl font-bold text-white\"><span class=\"ez-toc-section\" id=\"Bunlar_da_Ilginizi_Cekebilir\"><\/span>\n            Bunlar da &#304;lginizi &Ccedil;ekebilir<br \/>\n        <span class=\"ez-toc-section-end\"><\/span><\/h3>\n<\/p><\/div>\n<div class=\"mt-5 grid grid-cols-2 gap-3 px-4 md:grid-cols-4 md:gap-4 md:px-5\">\n<div class=\"dark:bg-gray-900 block overflow-hidden rounded-lg bg-white shadow-sm\">\n<div class=\"space-y-2 p-2 md:p-3\"><\/div>\n<\/p><\/div>\n<div class=\"dark:bg-gray-900 block overflow-hidden rounded-lg bg-white shadow-sm\">\n<div class=\"space-y-2 p-2 md:p-3\"><\/div>\n<\/p><\/div>\n<div class=\"dark:bg-gray-900 block overflow-hidden rounded-lg bg-white shadow-sm\">\n<div class=\"space-y-2 p-2 md:p-3\"><\/div>\n<\/p><\/div>\n<div class=\"dark:bg-gray-900 block overflow-hidden rounded-lg bg-white shadow-sm\">\n<div class=\"space-y-2 p-2 md:p-3\"><\/div>\n<\/p><\/div>\n<\/p><\/div>\n<\/div>\n<div class=\"content-gallery-lightbox md:hidden mb-5 dark:border-[#404040] dark:bg-[#2d2d30]\" data-gallery-images=\"[{&quot;src&quot;:&quot;https:\/\/imgrosetta.webtekno.com\/file\/680575\/680575-1200x675.jpg&quot;,&quot;alt&quot;:&quot;Yenilenen Renault Scenic E-Tech Tanu0131tu0131ldu0131: 642 km Menzille Geliyor!&quot;,&quot;width&quot;:1200,&quot;height&quot;:675},{&quot;src&quot;:&quot;https:\/\/imgrosetta.webtekno.com\/file\/680570\/1200xauto.jpg&quot;,&quot;alt&quot;:&quot;reno1&quot;,&quot;width&quot;:1200,&quot;height&quot;:675},{&quot;src&quot;:&quot;https:\/\/imgrosetta.webtekno.com\/file\/680572\/1200xauto.jpg&quot;,&quot;alt&quot;:&quot;reno2&quot;,&quot;width&quot;:1200,&quot;height&quot;:675},{&quot;src&quot;:&quot;https:\/\/imgrosetta.webtekno.com\/file\/680567\/1200xauto.jpg&quot;,&quot;alt&quot;:&quot;renoic&quot;,&quot;width&quot;:1200,&quot;height&quot;:675}]\">\n<h3 class=\"content-gallery-title dark:text-dark-text\"><span class=\"ez-toc-section\" id=\"Icerikten_Gorseller-2\"><\/span>&#304;&ccedil;erikten G&ouml;rseller<span class=\"ez-toc-section-end\"><\/span><\/h3>\n<div class=\"content-gallery-body\">\n<div class=\"content-gallery-hero\" data-index=\"0\">\n                    <span class=\"gallery-img-wrapper\"><br \/>\n                        <img loading=\"lazy\" decoding=\"async\" src=\"https:\/\/www.vipservis.com\/blog\/wp-content\/uploads\/2026\/09\/680575-1200x675-2.jpg\" alt=\"Yenilenen Renault Scenic E-Tech Tan\u0131t\u0131ld\u0131: 642 km Menzille Geliyor!\" loading=\"lazy\" width=\"1200\" height=\"675\" style=\"max-width: 100%;height: auto;display: block;margin: 10px auto\"><br \/>\n                    <\/span>\n                <\/div>\n<div class=\"content-gallery-grid\">\n<div class=\"content-gallery-item \" data-index=\"1\">\n                                <img loading=\"lazy\" decoding=\"async\" src=\"https:\/\/www.vipservis.com\/blog\/wp-content\/uploads\/2026\/09\/1200xauto-107.jpg\" alt=\"reno1\" loading=\"lazy\" width=\"1200\" height=\"675\" style=\"max-width: 100%;height: auto;display: block;margin: 10px auto\">\n                                                            <\/div>\n<div class=\"content-gallery-item \" data-index=\"2\">\n                                <img loading=\"lazy\" decoding=\"async\" src=\"https:\/\/www.vipservis.com\/blog\/wp-content\/uploads\/2026\/09\/1200xauto-108.jpg\" alt=\"reno2\" loading=\"lazy\" width=\"1200\" height=\"675\" style=\"max-width: 100%;height: auto;display: block;margin: 10px auto\">\n                                                            <\/div>\n<div class=\"content-gallery-item \" data-index=\"3\">\n                                <img loading=\"lazy\" decoding=\"async\" src=\"https:\/\/www.vipservis.com\/blog\/wp-content\/uploads\/2026\/09\/1200xauto-109.jpg\" alt=\"renoic\" loading=\"lazy\" width=\"1200\" height=\"675\" style=\"max-width: 100%;height: auto;display: block;margin: 10px auto\">\n                                                            <\/div>\n<\/p><\/div>\n<\/p><\/div>\n<div class=\"content-gallery-overlay\" style=\"display:none\">\n            <button class=\"content-gallery-close\" aria-label=\"Kapat\">&times;<\/button><\/p>\n<div class=\"content-gallery-zoom-controls\">\n                <button class=\"content-gallery-zoom-in\" aria-label=\"Yak\u0131nla\u015ft\u0131r\">+<\/button><br \/>\n                <button class=\"content-gallery-zoom-out\" aria-label=\"Uzakla\u015ft\u0131r\">&minus;<\/button>\n            <\/div>\n<p>            <button class=\"content-gallery-prev\" aria-label=\"\u00d6nceki\">&lsaquo;<\/button><br \/>\n            <button class=\"content-gallery-next\" aria-label=\"Sonraki\">&rsaquo;<\/button><\/p>\n<div class=\"content-gallery-stage\"><\/div>\n<\/p><\/div>\n<\/p><\/div>\n<h2><span class=\"ez-toc-section\" id=\"Karsinizda_yeni_Renault_Scenic_E-Tech\"><\/span>Kar&#351;&#305;n&#305;zda yeni Renault Scenic E-Tech<span class=\"ez-toc-section-end\"><\/span><\/h2>\n<p><span class=\"gallery-img-wrapper gallery-img-wrapper--body\"><img fetchpriority=\"high\" decoding=\"async\" width=\"1200\" height=\"675\" src=\"https:\/\/www.vipservis.com\/blog\/wp-content\/uploads\/2026\/09\/1200xauto-110.jpg\" alt=\"reno1\" style=\"max-width: 100%;height: auto;display: block;margin: 10px auto\"><\/span><\/p>\n<p>Fransa&rsquo;daki Douai tesislerinde &uuml;retimi ger&ccedil;ekle&#351;tirilen ve 4,47 metrelik uzunlu&#287;a sahip olan model, <strong>220 HP<\/strong> (160 kW) g&uuml;c&uuml;ndeki elektrik motorunu korurken iki farkl&#305; yeni batarya se&ccedil;ene&#287;iyle &ccedil;e&#351;itlendirildi. Bunlardan biri 89 kWsa kapasiteli NMC batarya, di&#287;eri ise 67 kWsa&rsquo;lik LFP batarya.<\/p>\n<p><span class=\"gallery-img-wrapper gallery-img-wrapper--body\"><img decoding=\"async\" width=\"1200\" height=\"675\" src=\"https:\/\/www.vipservis.com\/blog\/wp-content\/uploads\/2026\/09\/1200xauto-111.jpg\" alt=\"reno2\" style=\"max-width: 100%;height: auto;display: block;margin: 10px auto\"><\/span><\/p>\n<p>89 kWsa versiyon, WLTP standartlar&#305;na g&ouml;re <strong>642 km&rsquo;ye<\/strong> varan bir s&uuml;r&uuml;&#351; menzili sunuyor. Bu versiyonda DC h&#305;zl&#305; &#351;arj s&uuml;resi %25 oran&#305;nda k&#305;salt&#305;lm&#305;&#351; durumda. Ara&ccedil;, 150 kW tepe DC &#351;arj g&uuml;c&uuml; sayesinde %15&rsquo;ten %80 doluluk oran&#305;na 28 dakikada ula&#351;abiliyor. &#304;lerleyen d&ouml;nemlerde sunulacak 67 kWsa&rsquo;lik versiyon ise <strong>467 km menzil<\/strong> ile geliyor. Bu versiyonda 165 kW tepe DC &#351;arj g&uuml;c&uuml; ile %15&rsquo;ten %80 dolulu&#287;a 24 dakika gibi k&#305;sa bir s&uuml;rede eri&#351;ilebiliyor.<\/p>\n<p><span class=\"gallery-img-wrapper gallery-img-wrapper--body\"><img decoding=\"async\" width=\"1200\" height=\"675\" src=\"https:\/\/www.vipservis.com\/blog\/wp-content\/uploads\/2026\/09\/1200xauto-112.jpg\" alt=\"renoic\" style=\"max-width: 100%;height: auto;display: block;margin: 10px auto\"><\/span><\/p>\n<p>Arac&#305;n i&ccedil; k&#305;sm&#305;ndaki en &ouml;nemli yeniliklerden biri bilgi-e&#287;lence sistemine eklenen <strong>Google Gemini AI<\/strong> entegrasyonu. S&uuml;r&uuml;c&uuml;ler, standart Google Asistan yerine yapay zeka destekli Gemini ile do&#287;al bir dille ileti&#351;im kurabiliyor ve ara&ccedil; i&ccedil;erisindeki karma&#351;&#305;k komutlar&#305; ile istekleri daha rahat y&ouml;netebiliyor. mekandaki teknolojik yenilikler yaln&#305;zca bununla s&#305;n&#305;rl&#305; kalm&#305;yor; ara&ccedil;ta Qi2 \/ MagSafe destekli havaland&#305;rmal&#305; kablosuz &#351;arj &uuml;nitesi de art&#305;k standart donan&#305;m listesinde yer al&#305;yor.<\/p>\n<p>Otomobil, Avrupa&rsquo;da 38.750 euro&rsquo;dan ba&#351;layan fiyatlarla sat&#305;&#351;a sunuldu. LFP bataryal&#305; versiyonunun sonbaharda 31.750 euro fiyat ile gelmesinin beklendi&#287;i de eklenmi&#351;.<\/p>\n<\/p><\/div>\n","protected":false},"excerpt":{"rendered":"<p>T&uuml;rkiye&rsquo;de de &ccedil;ok ilgi g&ouml;ren bir marka olan Renault, elektrikli modelleriyle kar&#351;&#305;m&#305;za &ccedil;&#305;kmaya devam ediyor. &#350;imdi ise &#351;irket, yenilenen Scenic E-Tech modelini resmen tan&#305;tt&#305;. Ara&ccedil; hem tasar&#305;msal hem de teknik konularda kullan&#305;c&#305;lar&#305; sevindirecek yeniliklerle geliyor. &#304;&ccedil;erikten G&ouml;rseller &times; + &minus; &lsaquo; &rsaquo; D&#305;&#351; tasar&#305;mda ara&ccedil; gam&#305;na G&ouml;k Ta&#351;&#305; Grisi ve Mat Kayrak Mavisi olmak &uuml;zere [&hellip;]<\/p>\n","protected":false},"author":1,"featured_media":44592,"comment_status":"open","ping_status":"open","sticky":false,"template":"","format":"standard","meta":{"footnotes":""},"categories":[1],"tags":[],"class_list":["post-44604","post","type-post","status-publish","format-standard","has-post-thumbnail","hentry","category-genel"],"yoast_head":"<!-- This site is optimized with the Yoast SEO plugin v23.4 - https:\/\/yoast.com\/wordpress\/plugins\/seo\/ -->\n<title>Yenilenen Renault Scenic E-Tech Tan\u0131t\u0131ld\u0131 - Vipservis Blog<\/title>\n<meta name=\"robots\" content=\"index, follow, max-snippet:-1, max-image-preview:large, max-video-preview:-1\" \/>\n<link rel=\"canonical\" href=\"https:\/\/www.vipservis.com\/blog\/yenilenen-renault-scenic-e-tech-tanitildi\/\" \/>\n<meta property=\"og:locale\" content=\"tr_TR\" \/>\n<meta property=\"og:type\" content=\"article\" \/>\n<meta property=\"og:title\" content=\"Yenilenen Renault Scenic E-Tech Tan\u0131t\u0131ld\u0131 - Vipservis Blog\" \/>\n<meta property=\"og:description\" content=\"T&uuml;rkiye&rsquo;de de &ccedil;ok ilgi g&ouml;ren bir marka olan Renault, elektrikli modelleriyle kar&#351;&#305;m&#305;za &ccedil;&#305;kmaya devam ediyor. &#350;imdi ise &#351;irket, yenilenen Scenic E-Tech modelini resmen tan&#305;tt&#305;. Ara&ccedil; hem tasar&#305;msal hem de teknik konularda kullan&#305;c&#305;lar&#305; sevindirecek yeniliklerle geliyor. &#304;&ccedil;erikten G&ouml;rseller &times; + &minus; &lsaquo; &rsaquo; D&#305;&#351; tasar&#305;mda ara&ccedil; gam&#305;na G&ouml;k Ta&#351;&#305; Grisi ve Mat Kayrak Mavisi olmak &uuml;zere [&hellip;]\" \/>\n<meta property=\"og:url\" content=\"https:\/\/www.vipservis.com\/blog\/yenilenen-renault-scenic-e-tech-tanitildi\/\" \/>\n<meta property=\"og:site_name\" content=\"Vipservis Blog\" \/>\n<meta property=\"article:publisher\" content=\"https:\/\/www.facebook.com\/vipserviscom\" \/>\n<meta property=\"article:published_time\" content=\"2026-09-02T04:53:54+00:00\" \/>\n<meta property=\"og:image\" content=\"https:\/\/www.vipservis.com\/blog\/wp-content\/uploads\/2026\/09\/680575-1200x675-1.jpg\" \/>\n<meta name=\"author\" content=\"Vipservis\" \/>\n<meta name=\"twitter:card\" content=\"summary_large_image\" \/>\n<meta name=\"twitter:creator\" content=\"@vipserviscom\" \/>\n<meta name=\"twitter:site\" content=\"@vipserviscom\" \/>\n<meta name=\"twitter:label1\" content=\"Yazan:\" \/>\n\t<meta name=\"twitter:data1\" content=\"Vipservis\" \/>\n\t<meta name=\"twitter:label2\" content=\"Tahmini okuma s\u00fcresi\" \/>\n\t<meta name=\"twitter:data2\" content=\"2 dakika\" \/>\n<script type=\"application\/ld+json\" class=\"yoast-schema-graph\">{\"@context\":\"https:\/\/schema.org\",\"@graph\":[{\"@type\":\"Article\",\"@id\":\"https:\/\/www.vipservis.com\/blog\/yenilenen-renault-scenic-e-tech-tanitildi\/#article\",\"isPartOf\":{\"@id\":\"https:\/\/www.vipservis.com\/blog\/yenilenen-renault-scenic-e-tech-tanitildi\/\"},\"author\":{\"name\":\"Vipservis\",\"@id\":\"https:\/\/www.vipservis.com\/blog\/#\/schema\/person\/cdb61a7e4f2eef5e8f9550829d769ed2\"},\"headline\":\"Yenilenen Renault Scenic E-Tech Tan\u0131t\u0131ld\u0131\",\"datePublished\":\"2026-09-02T04:53:54+00:00\",\"dateModified\":\"2026-09-02T04:53:54+00:00\",\"mainEntityOfPage\":{\"@id\":\"https:\/\/www.vipservis.com\/blog\/yenilenen-renault-scenic-e-tech-tanitildi\/\"},\"wordCount\":406,\"commentCount\":0,\"publisher\":{\"@id\":\"https:\/\/www.vipservis.com\/blog\/#organization\"},\"image\":{\"@id\":\"https:\/\/www.vipservis.com\/blog\/yenilenen-renault-scenic-e-tech-tanitildi\/#primaryimage\"},\"thumbnailUrl\":\"https:\/\/www.vipservis.com\/blog\/wp-content\/uploads\/2026\/09\/680575-640xauto.jpg\",\"inLanguage\":\"tr\",\"potentialAction\":[{\"@type\":\"CommentAction\",\"name\":\"Comment\",\"target\":[\"https:\/\/www.vipservis.com\/blog\/yenilenen-renault-scenic-e-tech-tanitildi\/#respond\"]}]},{\"@type\":\"WebPage\",\"@id\":\"https:\/\/www.vipservis.com\/blog\/yenilenen-renault-scenic-e-tech-tanitildi\/\",\"url\":\"https:\/\/www.vipservis.com\/blog\/yenilenen-renault-scenic-e-tech-tanitildi\/\",\"name\":\"Yenilenen Renault Scenic E-Tech Tan\u0131t\u0131ld\u0131 - Vipservis Blog\",\"isPartOf\":{\"@id\":\"https:\/\/www.vipservis.com\/blog\/#website\"},\"primaryImageOfPage\":{\"@id\":\"https:\/\/www.vipservis.com\/blog\/yenilenen-renault-scenic-e-tech-tanitildi\/#primaryimage\"},\"image\":{\"@id\":\"https:\/\/www.vipservis.com\/blog\/yenilenen-renault-scenic-e-tech-tanitildi\/#primaryimage\"},\"thumbnailUrl\":\"https:\/\/www.vipservis.com\/blog\/wp-content\/uploads\/2026\/09\/680575-640xauto.jpg\",\"datePublished\":\"2026-09-02T04:53:54+00:00\",\"dateModified\":\"2026-09-02T04:53:54+00:00\",\"breadcrumb\":{\"@id\":\"https:\/\/www.vipservis.com\/blog\/yenilenen-renault-scenic-e-tech-tanitildi\/#breadcrumb\"},\"inLanguage\":\"tr\",\"potentialAction\":[{\"@type\":\"ReadAction\",\"target\":[\"https:\/\/www.vipservis.com\/blog\/yenilenen-renault-scenic-e-tech-tanitildi\/\"]}]},{\"@type\":\"ImageObject\",\"inLanguage\":\"tr\",\"@id\":\"https:\/\/www.vipservis.com\/blog\/yenilenen-renault-scenic-e-tech-tanitildi\/#primaryimage\",\"url\":\"https:\/\/www.vipservis.com\/blog\/wp-content\/uploads\/2026\/09\/680575-640xauto.jpg\",\"contentUrl\":\"https:\/\/www.vipservis.com\/blog\/wp-content\/uploads\/2026\/09\/680575-640xauto.jpg\",\"width\":640,\"height\":360},{\"@type\":\"BreadcrumbList\",\"@id\":\"https:\/\/www.vipservis.com\/blog\/yenilenen-renault-scenic-e-tech-tanitildi\/#breadcrumb\",\"itemListElement\":[{\"@type\":\"ListItem\",\"position\":1,\"name\":\"Anasayfa\",\"item\":\"https:\/\/www.vipservis.com\/blog\/\"},{\"@type\":\"ListItem\",\"position\":2,\"name\":\"Yenilenen Renault Scenic E-Tech Tan\u0131t\u0131ld\u0131\"}]},{\"@type\":\"WebSite\",\"@id\":\"https:\/\/www.vipservis.com\/blog\/#website\",\"url\":\"https:\/\/www.vipservis.com\/blog\/\",\"name\":\"Vipservis Blog\",\"description\":\"Vipservis Olarak 26 Y\u0131ll\u0131k Tecr\u00fcbemiz ile Cevap Arad\u0131\u011f\u0131n\u0131z T\u00fcm Sorular\u0131 Yaz\u0131yoruz.\",\"publisher\":{\"@id\":\"https:\/\/www.vipservis.com\/blog\/#organization\"},\"potentialAction\":[{\"@type\":\"SearchAction\",\"target\":{\"@type\":\"EntryPoint\",\"urlTemplate\":\"https:\/\/www.vipservis.com\/blog\/?s={search_term_string}\"},\"query-input\":{\"@type\":\"PropertyValueSpecification\",\"valueRequired\":true,\"valueName\":\"search_term_string\"}}],\"inLanguage\":\"tr\"},{\"@type\":\"Organization\",\"@id\":\"https:\/\/www.vipservis.com\/blog\/#organization\",\"name\":\"Vipservis Bili\u015fim ve \u0130nternet Teknolojileri\",\"url\":\"https:\/\/www.vipservis.com\/blog\/\",\"logo\":{\"@type\":\"ImageObject\",\"inLanguage\":\"tr\",\"@id\":\"https:\/\/www.vipservis.com\/blog\/#\/schema\/logo\/image\/\",\"url\":\"https:\/\/www.vipservis.com\/blog\/wp-content\/uploads\/2024\/09\/logo-1.png\",\"contentUrl\":\"https:\/\/www.vipservis.com\/blog\/wp-content\/uploads\/2024\/09\/logo-1.png\",\"width\":500,\"height\":104,\"caption\":\"Vipservis Bili\u015fim ve \u0130nternet Teknolojileri\"},\"image\":{\"@id\":\"https:\/\/www.vipservis.com\/blog\/#\/schema\/logo\/image\/\"},\"sameAs\":[\"https:\/\/www.facebook.com\/vipserviscom\",\"https:\/\/x.com\/vipserviscom\",\"https:\/\/www.instagram.com\/vipserviscom\",\"https:\/\/www.linkedin.com\/company\/vipservis?originalSubdomain=tr\"]},{\"@type\":\"Person\",\"@id\":\"https:\/\/www.vipservis.com\/blog\/#\/schema\/person\/cdb61a7e4f2eef5e8f9550829d769ed2\",\"name\":\"Vipservis\",\"image\":{\"@type\":\"ImageObject\",\"inLanguage\":\"tr\",\"@id\":\"https:\/\/www.vipservis.com\/blog\/#\/schema\/person\/image\/\",\"url\":\"https:\/\/www.vipservis.com\/blog\/wp-content\/litespeed\/avatar\/6600f3cb02baa85efeb72add678e6f83.jpg?ver=1787920687\",\"contentUrl\":\"https:\/\/www.vipservis.com\/blog\/wp-content\/litespeed\/avatar\/6600f3cb02baa85efeb72add678e6f83.jpg?ver=1787920687\",\"caption\":\"Vipservis\"},\"sameAs\":[\"https:\/\/vipservis.com\/blog\"],\"url\":\"https:\/\/www.vipservis.com\/blog\/author\/crawk\/\"}]}<\/script>\n<!-- \/ Yoast SEO plugin. -->","yoast_head_json":{"title":"Yenilenen Renault Scenic E-Tech Tan\u0131t\u0131ld\u0131 - Vipservis Blog","robots":{"index":"index","follow":"follow","max-snippet":"max-snippet:-1","max-image-preview":"max-image-preview:large","max-video-preview":"max-video-preview:-1"},"canonical":"https:\/\/www.vipservis.com\/blog\/yenilenen-renault-scenic-e-tech-tanitildi\/","og_locale":"tr_TR","og_type":"article","og_title":"Yenilenen Renault Scenic E-Tech Tan\u0131t\u0131ld\u0131 - Vipservis Blog","og_description":"T&uuml;rkiye&rsquo;de de &ccedil;ok ilgi g&ouml;ren bir marka olan Renault, elektrikli modelleriyle kar&#351;&#305;m&#305;za &ccedil;&#305;kmaya devam ediyor. &#350;imdi ise &#351;irket, yenilenen Scenic E-Tech modelini resmen tan&#305;tt&#305;. Ara&ccedil; hem tasar&#305;msal hem de teknik konularda kullan&#305;c&#305;lar&#305; sevindirecek yeniliklerle geliyor. &#304;&ccedil;erikten G&ouml;rseller &times; + &minus; &lsaquo; &rsaquo; D&#305;&#351; tasar&#305;mda ara&ccedil; gam&#305;na G&ouml;k Ta&#351;&#305; Grisi ve Mat Kayrak Mavisi olmak &uuml;zere [&hellip;]","og_url":"https:\/\/www.vipservis.com\/blog\/yenilenen-renault-scenic-e-tech-tanitildi\/","og_site_name":"Vipservis Blog","article_publisher":"https:\/\/www.facebook.com\/vipserviscom","article_published_time":"2026-09-02T04:53:54+00:00","og_image":[{"url":"https:\/\/www.vipservis.com\/blog\/wp-content\/uploads\/2026\/09\/680575-1200x675-1.jpg"}],"author":"Vipservis","twitter_card":"summary_large_image","twitter_creator":"@vipserviscom","twitter_site":"@vipserviscom","twitter_misc":{"Yazan:":"Vipservis","Tahmini okuma s\u00fcresi":"2 dakika"},"schema":{"@context":"https:\/\/schema.org","@graph":[{"@type":"Article","@id":"https:\/\/www.vipservis.com\/blog\/yenilenen-renault-scenic-e-tech-tanitildi\/#article","isPartOf":{"@id":"https:\/\/www.vipservis.com\/blog\/yenilenen-renault-scenic-e-tech-tanitildi\/"},"author":{"name":"Vipservis","@id":"https:\/\/www.vipservis.com\/blog\/#\/schema\/person\/cdb61a7e4f2eef5e8f9550829d769ed2"},"headline":"Yenilenen Renault Scenic E-Tech Tan\u0131t\u0131ld\u0131","datePublished":"2026-09-02T04:53:54+00:00","dateModified":"2026-09-02T04:53:54+00:00","mainEntityOfPage":{"@id":"https:\/\/www.vipservis.com\/blog\/yenilenen-renault-scenic-e-tech-tanitildi\/"},"wordCount":406,"commentCount":0,"publisher":{"@id":"https:\/\/www.vipservis.com\/blog\/#organization"},"image":{"@id":"https:\/\/www.vipservis.com\/blog\/yenilenen-renault-scenic-e-tech-tanitildi\/#primaryimage"},"thumbnailUrl":"https:\/\/www.vipservis.com\/blog\/wp-content\/uploads\/2026\/09\/680575-640xauto.jpg","inLanguage":"tr","potentialAction":[{"@type":"CommentAction","name":"Comment","target":["https:\/\/www.vipservis.com\/blog\/yenilenen-renault-scenic-e-tech-tanitildi\/#respond"]}]},{"@type":"WebPage","@id":"https:\/\/www.vipservis.com\/blog\/yenilenen-renault-scenic-e-tech-tanitildi\/","url":"https:\/\/www.vipservis.com\/blog\/yenilenen-renault-scenic-e-tech-tanitildi\/","name":"Yenilenen Renault Scenic E-Tech Tan\u0131t\u0131ld\u0131 - Vipservis Blog","isPartOf":{"@id":"https:\/\/www.vipservis.com\/blog\/#website"},"primaryImageOfPage":{"@id":"https:\/\/www.vipservis.com\/blog\/yenilenen-renault-scenic-e-tech-tanitildi\/#primaryimage"},"image":{"@id":"https:\/\/www.vipservis.com\/blog\/yenilenen-renault-scenic-e-tech-tanitildi\/#primaryimage"},"thumbnailUrl":"https:\/\/www.vipservis.com\/blog\/wp-content\/uploads\/2026\/09\/680575-640xauto.jpg","datePublished":"2026-09-02T04:53:54+00:00","dateModified":"2026-09-02T04:53:54+00:00","breadcrumb":{"@id":"https:\/\/www.vipservis.com\/blog\/yenilenen-renault-scenic-e-tech-tanitildi\/#breadcrumb"},"inLanguage":"tr","potentialAction":[{"@type":"ReadAction","target":["https:\/\/www.vipservis.com\/blog\/yenilenen-renault-scenic-e-tech-tanitildi\/"]}]},{"@type":"ImageObject","inLanguage":"tr","@id":"https:\/\/www.vipservis.com\/blog\/yenilenen-renault-scenic-e-tech-tanitildi\/#primaryimage","url":"https:\/\/www.vipservis.com\/blog\/wp-content\/uploads\/2026\/09\/680575-640xauto.jpg","contentUrl":"https:\/\/www.vipservis.com\/blog\/wp-content\/uploads\/2026\/09\/680575-640xauto.jpg","width":640,"height":360},{"@type":"BreadcrumbList","@id":"https:\/\/www.vipservis.com\/blog\/yenilenen-renault-scenic-e-tech-tanitildi\/#breadcrumb","itemListElement":[{"@type":"ListItem","position":1,"name":"Anasayfa","item":"https:\/\/www.vipservis.com\/blog\/"},{"@type":"ListItem","position":2,"name":"Yenilenen Renault Scenic E-Tech Tan\u0131t\u0131ld\u0131"}]},{"@type":"WebSite","@id":"https:\/\/www.vipservis.com\/blog\/#website","url":"https:\/\/www.vipservis.com\/blog\/","name":"Vipservis Blog","description":"Vipservis Olarak 26 Y\u0131ll\u0131k Tecr\u00fcbemiz ile Cevap Arad\u0131\u011f\u0131n\u0131z T\u00fcm Sorular\u0131 Yaz\u0131yoruz.","publisher":{"@id":"https:\/\/www.vipservis.com\/blog\/#organization"},"potentialAction":[{"@type":"SearchAction","target":{"@type":"EntryPoint","urlTemplate":"https:\/\/www.vipservis.com\/blog\/?s={search_term_string}"},"query-input":{"@type":"PropertyValueSpecification","valueRequired":true,"valueName":"search_term_string"}}],"inLanguage":"tr"},{"@type":"Organization","@id":"https:\/\/www.vipservis.com\/blog\/#organization","name":"Vipservis Bili\u015fim ve \u0130nternet Teknolojileri","url":"https:\/\/www.vipservis.com\/blog\/","logo":{"@type":"ImageObject","inLanguage":"tr","@id":"https:\/\/www.vipservis.com\/blog\/#\/schema\/logo\/image\/","url":"https:\/\/www.vipservis.com\/blog\/wp-content\/uploads\/2024\/09\/logo-1.png","contentUrl":"https:\/\/www.vipservis.com\/blog\/wp-content\/uploads\/2024\/09\/logo-1.png","width":500,"height":104,"caption":"Vipservis Bili\u015fim ve \u0130nternet Teknolojileri"},"image":{"@id":"https:\/\/www.vipservis.com\/blog\/#\/schema\/logo\/image\/"},"sameAs":["https:\/\/www.facebook.com\/vipserviscom","https:\/\/x.com\/vipserviscom","https:\/\/www.instagram.com\/vipserviscom","https:\/\/www.linkedin.com\/company\/vipservis?originalSubdomain=tr"]},{"@type":"Person","@id":"https:\/\/www.vipservis.com\/blog\/#\/schema\/person\/cdb61a7e4f2eef5e8f9550829d769ed2","name":"Vipservis","image":{"@type":"ImageObject","inLanguage":"tr","@id":"https:\/\/www.vipservis.com\/blog\/#\/schema\/person\/image\/","url":"https:\/\/www.vipservis.com\/blog\/wp-content\/litespeed\/avatar\/6600f3cb02baa85efeb72add678e6f83.jpg?ver=1787920687","contentUrl":"https:\/\/www.vipservis.com\/blog\/wp-content\/litespeed\/avatar\/6600f3cb02baa85efeb72add678e6f83.jpg?ver=1787920687","caption":"Vipservis"},"sameAs":["https:\/\/vipservis.com\/blog"],"url":"https:\/\/www.vipservis.com\/blog\/author\/crawk\/"}]}},"_links":{"self":[{"href":"https:\/\/www.vipservis.com\/blog\/wp-json\/wp\/v2\/posts\/44604","targetHints":{"allow":["GET"]}}],"collection":[{"href":"https:\/\/www.vipservis.com\/blog\/wp-json\/wp\/v2\/posts"}],"about":[{"href":"https:\/\/www.vipservis.com\/blog\/wp-json\/wp\/v2\/types\/post"}],"author":[{"embeddable":true,"href":"https:\/\/www.vipservis.com\/blog\/wp-json\/wp\/v2\/users\/1"}],"replies":[{"embeddable":true,"href":"https:\/\/www.vipservis.com\/blog\/wp-json\/wp\/v2\/comments?post=44604"}],"version-history":[{"count":0,"href":"https:\/\/www.vipservis.com\/blog\/wp-json\/wp\/v2\/posts\/44604\/revisions"}],"wp:featuredmedia":[{"embeddable":true,"href":"https:\/\/www.vipservis.com\/blog\/wp-json\/wp\/v2\/media\/44592"}],"wp:attachment":[{"href":"https:\/\/www.vipservis.com\/blog\/wp-json\/wp\/v2\/media?parent=44604"}],"wp:term":[{"taxonomy":"category","embeddable":true,"href":"https:\/\/www.vipservis.com\/blog\/wp-json\/wp\/v2\/categories?post=44604"},{"taxonomy":"post_tag","embeddable":true,"href":"https:\/\/www.vipservis.com\/blog\/wp-json\/wp\/v2\/tags?post=44604"}],"curies":[{"name":"wp","href":"https:\/\/api.w.org\/{rel}","templated":true}]}}